{"id":5534,"date":"2023-04-03T11:31:26","date_gmt":"2023-04-03T11:31:26","guid":{"rendered":"https:\/\/krankenhauspfarramt.de\/index.php\/2023\/04\/03\/aufruf-des-rates-der-evangelischen-kirche-in-deutschland-und-der-deutschen-bischofskonferenz-zu-den-sozialwahlen-2023-ekd\/"},"modified":"2023-04-03T11:31:33","modified_gmt":"2023-04-03T11:31:33","slug":"aufruf-des-rates-der-evangelischen-kirche-in-deutschland-und-der-deutschen-bischofskonferenz-zu-den-sozialwahlen-2023-ekd","status":"publish","type":"post","link":"https:\/\/krankenhauspfarramt.de\/index.php\/2023\/04\/03\/aufruf-des-rates-der-evangelischen-kirche-in-deutschland-und-der-deutschen-bischofskonferenz-zu-den-sozialwahlen-2023-ekd\/","title":{"rendered":"Aufruf des Rates der Evangelischen Kirche in Deutschland und der Deutschen Bischofskonferenz zu den Sozialwahlen 2023 \u2013 EKD"},"content":{"rendered":"<p> <br \/>\n<\/p>\n<div id=\"\">\n<div class=\"article--meta article--meta__border clearfix\">\n<p>                                    <time datetime=\"03.04.2023 12:00\" class=\"article--time\">03.04.2023<\/time><\/p>\n<p>                                     <strong class=\"article--type primus--overline\">Pressemitteilung<\/strong><\/p>\n<picture class=\"article--source-image image\"><source srcset=\"https:\/\/www.ekd.de\/ekd_de\/ds_img\/assets\/20170622_ekd-Quellenlogo_141_rdax_423x118.png\"><!--<source srcset=\"\/ekd_de\/ds_img\/assets\/20170622_ekd-Quellenlogo_141_rdax_141x39.png 1x, \/ekd_de\/ds_img\/assets\/20170622_ekd-Quellenlogo_141_rdax_282x78.png 2x, https:\/\/www.ekd.de\/ekd_de\/ds_img\/assets\/20170622_ekd-Quellenlogo_141_rdax_423x118.png 3x\">--><\/p>\n<p>    <\/source><\/picture>\n<\/p><\/div><\/div>\n<div id=\"\">\n<p>Nach sechs Jahren finden im April und Mai 2023 wieder turnusgem\u00e4\u00df die Sozialwahlen statt. Gew\u00e4hlt werden die Sozialparlamente der f\u00fcnf Krankenkassen (TK, BARMER, DAK-Gesundheit, KKH und hkk) und der Deutschen Rentenversicherung Bund. Die Wahlberechtigten w\u00e4hlen in der Sozialwahl Vorschlagslisten, aus denen sich die Versichertenvertretung in dem jeweiligen Sozialversicherungstr\u00e4ger zusammensetzt. Auf einer gemeinsamen Liste kandidieren die drei in der Arbeitsgemeinschaft Christlicher Arbeitnehmerorganisationen (ACA) zusammengeschlossenen Verb\u00e4nde \u2013 das Kolpingwerk Deutschland, die Katholische Arbeitnehmer-Bewegung (KAB) und der Bundesverband Evangelischer Arbeitnehmerorganisationen (BVEA).<\/p>\n<p>Gemeinsam rufen die Vorsitzende des Rates der Evangelischen Kirche in Deutschland (EKD), Pr\u00e4ses Annette Kurschus, und der Vorsitzende der Deutschen Bischofskonferenz, Bischof Dr. Georg B\u00e4tzing, dazu auf, das Stimmrecht wahrzunehmen und sich an den Sozialwahlen zu beteiligen. \u201eAls Christinnen und Christen haben wir die Pflicht uns einzubringen, wenn es um die Mitgestaltung der sozialen Sicherungssysteme geht. Im Zentrum stehen dabei die Orientierung am Wohl und der W\u00fcrde des Einzelnen ohne Ansehen der Person, die Sorge um gerechte Strukturen und die St\u00e4rkung der sozialen Selbstverwaltung als Ausdruck gesellschaftlicher Verantwortung.\u201c Sie betonen, dass die Kandidatinnen und Kandidaten der ACA das Anliegen verfolgen, christliche Werte in die Entscheidungen der Sozialversicherungstr\u00e4ger einzubringen. \u201eSie treten ein f\u00fcr die Solidarit\u00e4t der Jungen mit den Alten, der Gesunden mit den Kranken und der Leistungsst\u00e4rkeren mit den Leistungsschw\u00e4cheren\u201c, so Pr\u00e4ses Kurschus und Bischof B\u00e4tzing.<\/p>\n<p>Hinweis:<\/p>\n<p>Der gemeinsame Aufruf der Ratsvorsitzenden der Evangelischen Kirche in Deutschland und des Vorsitzenden der Deutschen Bischofskonferenz zu den Sozialversicherungswahlen 2023 ist als PDF-Datei\u00a0unter\u00a0www.ekd.de\/sozialwahl2023 verf\u00fcgbar.<\/p>\n<p>Hannover, 3. April 2023<\/p>\n<p>Pressestelle der EKD<\/p>\n<p>Carsten Splitt<\/p>\n<\/div>\n","protected":false},"excerpt":{"rendered":"<p>03.04.2023 Pressemitteilung Nach sechs Jahren finden im April und Mai 2023 wieder turnusgem\u00e4\u00df die Sozialwahlen statt. Gew\u00e4hlt werden die Sozialparlamente<\/p>\n","protected":false},"author":1,"featured_media":569,"comment_status":"closed","ping_status":"closed","sticky":false,"template":"","format":"standard","meta":{"footnotes":""},"categories":[20],"tags":[],"_links":{"self":[{"href":"https:\/\/krankenhauspfarramt.de\/index.php\/wp-json\/wp\/v2\/posts\/5534"}],"collection":[{"href":"https:\/\/krankenhauspfarramt.de\/index.php\/wp-json\/wp\/v2\/posts"}],"about":[{"href":"https:\/\/krankenhauspfarramt.de\/index.php\/wp-json\/wp\/v2\/types\/post"}],"author":[{"embeddable":true,"href":"https:\/\/krankenhauspfarramt.de\/index.php\/wp-json\/wp\/v2\/users\/1"}],"replies":[{"embeddable":true,"href":"https:\/\/krankenhauspfarramt.de\/index.php\/wp-json\/wp\/v2\/comments?post=5534"}],"version-history":[{"count":1,"href":"https:\/\/krankenhauspfarramt.de\/index.php\/wp-json\/wp\/v2\/posts\/5534\/revisions"}],"predecessor-version":[{"id":5535,"href":"https:\/\/krankenhauspfarramt.de\/index.php\/wp-json\/wp\/v2\/posts\/5534\/revisions\/5535"}],"wp:featuredmedia":[{"embeddable":true,"href":"https:\/\/krankenhauspfarramt.de\/index.php\/wp-json\/wp\/v2\/media\/569"}],"wp:attachment":[{"href":"https:\/\/krankenhauspfarramt.de\/index.php\/wp-json\/wp\/v2\/media?parent=5534"}],"wp:term":[{"taxonomy":"category","embeddable":true,"href":"https:\/\/krankenhauspfarramt.de\/index.php\/wp-json\/wp\/v2\/categories?post=5534"},{"taxonomy":"post_tag","embeddable":true,"href":"https:\/\/krankenhauspfarramt.de\/index.php\/wp-json\/wp\/v2\/tags?post=5534"}],"curies":[{"name":"wp","href":"https:\/\/api.w.org\/{rel}","templated":true}]}}