{"id":5536,"date":"2023-04-03T12:13:19","date_gmt":"2023-04-03T12:13:19","guid":{"rendered":"https:\/\/krankenhauspfarramt.de\/index.php\/2023\/04\/03\/palmsonntag-und-die-karwoche-ekd\/"},"modified":"2023-04-03T12:13:23","modified_gmt":"2023-04-03T12:13:23","slug":"palmsonntag-und-die-karwoche-ekd","status":"publish","type":"post","link":"https:\/\/krankenhauspfarramt.de\/index.php\/2023\/04\/03\/palmsonntag-und-die-karwoche-ekd\/","title":{"rendered":"Palmsonntag und die Karwoche \u2013 EKD"},"content":{"rendered":"<p> <br \/>\n<\/p>\n<div id=\"\">\n<p>Frankfurt a.M. (epd). Mit dem Palmsonntag beginnt die Karwoche, in der Christen des Todes Jesu am Kreuz gedenken. Der Palmsonntag erinnert an den Einzug Jesu in Jerusalem, mit dem sein Leidensweg begann. Den Berichten der Evangelien zufolge ritt Jesus auf einem Esel in die Stadt und wurde vom Volk jubelnd empfangen. Bei seinem Empfang breiteten die Menschen ihre Kleider vor ihm aus und streuten gr\u00fcne Zweige \u2013 dem Johannesevangelium zufolge Palmzweige \u2013 auf den Weg.<\/p>\n<p>Die Karwoche ist die Vorbereitung auf Ostern, das \u00e4lteste und h\u00f6chste Fest der Christenheit. Am Gr\u00fcndonnerstag, am Vorabend des Karfreitags, wird in Abendmahlsgottesdiensten an das letzte Mahl Jesu mit seinen J\u00fcngern vor seinem Tod erinnert. Kontrast dazu ist die Osternacht, in der die Christen die Auferstehung Jesu von den Toten feiern.<\/p>\n<p>Dem Neuen Testament zufolge verbrachte Jesus die Nacht zum Karfreitag in Todesangst, w\u00e4hrend seine J\u00fcnger schliefen. Daran erinnert der Name Gr\u00fcndonnerstag, der sich nicht von der Farbe Gr\u00fcn ableitet, sondern vermutlich vom althochdeutschen \u201eGrunen\u201c, dem \u201eGreinen\u201c oder \u201eWeinen\u201c. Auch die Bezeichnung der Karwoche stammt wohl aus dem Althochdeutschen. \u201eKara\u201c bedeutet Klage, Trauer, die am Todestag Jesu (Karfreitag) im Mittelpunkt des Gottesdienstes steht.<\/p>\n<p>Heute besteht in allen christlichen Konfessionen weitgehend Einigkeit dar\u00fcber, dass Tod und Auferstehung Christi an Ostern unl\u00f6sbar zusammengeh\u00f6ren und als Ganzes gefeiert werden. In vielen Kirchen werden am Karfreitag um 15 Uhr Gottesdienste gefeiert, der Tradition zufolge die Sterbestunde Jesu. Der anschlie\u00dfende Karsamstag erinnert an die Grablegung Jesu.<\/p>\n<\/div>\n","protected":false},"excerpt":{"rendered":"<p>Frankfurt a.M. (epd). Mit dem Palmsonntag beginnt die Karwoche, in der Christen des Todes Jesu am Kreuz gedenken. Der Palmsonntag<\/p>\n","protected":false},"author":1,"featured_media":5537,"comment_status":"closed","ping_status":"closed","sticky":false,"template":"","format":"standard","meta":{"footnotes":""},"categories":[20],"tags":[],"_links":{"self":[{"href":"https:\/\/krankenhauspfarramt.de\/index.php\/wp-json\/wp\/v2\/posts\/5536"}],"collection":[{"href":"https:\/\/krankenhauspfarramt.de\/index.php\/wp-json\/wp\/v2\/posts"}],"about":[{"href":"https:\/\/krankenhauspfarramt.de\/index.php\/wp-json\/wp\/v2\/types\/post"}],"author":[{"embeddable":true,"href":"https:\/\/krankenhauspfarramt.de\/index.php\/wp-json\/wp\/v2\/users\/1"}],"replies":[{"embeddable":true,"href":"https:\/\/krankenhauspfarramt.de\/index.php\/wp-json\/wp\/v2\/comments?post=5536"}],"version-history":[{"count":1,"href":"https:\/\/krankenhauspfarramt.de\/index.php\/wp-json\/wp\/v2\/posts\/5536\/revisions"}],"predecessor-version":[{"id":5538,"href":"https:\/\/krankenhauspfarramt.de\/index.php\/wp-json\/wp\/v2\/posts\/5536\/revisions\/5538"}],"wp:featuredmedia":[{"embeddable":true,"href":"https:\/\/krankenhauspfarramt.de\/index.php\/wp-json\/wp\/v2\/media\/5537"}],"wp:attachment":[{"href":"https:\/\/krankenhauspfarramt.de\/index.php\/wp-json\/wp\/v2\/media?parent=5536"}],"wp:term":[{"taxonomy":"category","embeddable":true,"href":"https:\/\/krankenhauspfarramt.de\/index.php\/wp-json\/wp\/v2\/categories?post=5536"},{"taxonomy":"post_tag","embeddable":true,"href":"https:\/\/krankenhauspfarramt.de\/index.php\/wp-json\/wp\/v2\/tags?post=5536"}],"curies":[{"name":"wp","href":"https:\/\/api.w.org\/{rel}","templated":true}]}}