{"id":5539,"date":"2023-04-03T16:14:43","date_gmt":"2023-04-03T16:14:43","guid":{"rendered":"https:\/\/krankenhauspfarramt.de\/index.php\/2023\/04\/03\/verein-juedisches-leben-in-europa-wirbt-fuer-lebendiges-judentum-ekd\/"},"modified":"2023-04-03T16:14:49","modified_gmt":"2023-04-03T16:14:49","slug":"verein-juedisches-leben-in-europa-wirbt-fuer-lebendiges-judentum-ekd","status":"publish","type":"post","link":"https:\/\/krankenhauspfarramt.de\/index.php\/2023\/04\/03\/verein-juedisches-leben-in-europa-wirbt-fuer-lebendiges-judentum-ekd\/","title":{"rendered":"Verein &#8222;J\u00fcdisches Leben in Europa&#8220; wirbt f\u00fcr lebendiges Judentum \u2013 EKD"},"content":{"rendered":"<p> <br \/>\n<\/p>\n<div>\n<p>Zu den Gr\u00fcndungsmitgliedern des Vereins, der bei der K\u00f6lner Synagogen-Gemeinde angesiedelt ist, geh\u00f6ren neben dem Pr\u00e4sidenten des Zentralrats der Juden, Josef Schuster, auch die Vizepr\u00e4sidentin des Europ\u00e4ischen Parlaments, Katarina Barley, der Vorsitzende der katholischen Deutschen Bischofskonferenz, Georg B\u00e4tzing, und die Ratsvorsitzende der Evangelischen Kirchen in Deutschland (EKD), Annette Kurschus.<\/p>\n<p>Der neu gegr\u00fcndete Verein baue auf der positiven Resonanz des Jubil\u00e4umsjahres \u201e1700 Jahre j\u00fcdisches Leben\u201c in den Jahren 2021 und 2022 mit einer Vielzahl von Veranstaltungen auf, erkl\u00e4rte Zentralratspr\u00e4sident Schuster. Auch die westf\u00e4lische Pr\u00e4ses und EKD-Ratsvorsitzende Kurschus unterstrich, dass mit der Gr\u00fcndung des Vereins die wichtige Arbeit des Jubil\u00e4umsjahres fortgesetzt werde.<\/p>\n<\/p><\/div>\n","protected":false},"excerpt":{"rendered":"<p>Zu den Gr\u00fcndungsmitgliedern des Vereins, der bei der K\u00f6lner Synagogen-Gemeinde angesiedelt ist, geh\u00f6ren neben dem Pr\u00e4sidenten des Zentralrats der Juden,<\/p>\n","protected":false},"author":1,"featured_media":5540,"comment_status":"closed","ping_status":"closed","sticky":false,"template":"","format":"standard","meta":{"footnotes":""},"categories":[20],"tags":[],"_links":{"self":[{"href":"https:\/\/krankenhauspfarramt.de\/index.php\/wp-json\/wp\/v2\/posts\/5539"}],"collection":[{"href":"https:\/\/krankenhauspfarramt.de\/index.php\/wp-json\/wp\/v2\/posts"}],"about":[{"href":"https:\/\/krankenhauspfarramt.de\/index.php\/wp-json\/wp\/v2\/types\/post"}],"author":[{"embeddable":true,"href":"https:\/\/krankenhauspfarramt.de\/index.php\/wp-json\/wp\/v2\/users\/1"}],"replies":[{"embeddable":true,"href":"https:\/\/krankenhauspfarramt.de\/index.php\/wp-json\/wp\/v2\/comments?post=5539"}],"version-history":[{"count":1,"href":"https:\/\/krankenhauspfarramt.de\/index.php\/wp-json\/wp\/v2\/posts\/5539\/revisions"}],"predecessor-version":[{"id":5541,"href":"https:\/\/krankenhauspfarramt.de\/index.php\/wp-json\/wp\/v2\/posts\/5539\/revisions\/5541"}],"wp:featuredmedia":[{"embeddable":true,"href":"https:\/\/krankenhauspfarramt.de\/index.php\/wp-json\/wp\/v2\/media\/5540"}],"wp:attachment":[{"href":"https:\/\/krankenhauspfarramt.de\/index.php\/wp-json\/wp\/v2\/media?parent=5539"}],"wp:term":[{"taxonomy":"category","embeddable":true,"href":"https:\/\/krankenhauspfarramt.de\/index.php\/wp-json\/wp\/v2\/categories?post=5539"},{"taxonomy":"post_tag","embeddable":true,"href":"https:\/\/krankenhauspfarramt.de\/index.php\/wp-json\/wp\/v2\/tags?post=5539"}],"curies":[{"name":"wp","href":"https:\/\/api.w.org\/{rel}","templated":true}]}}