{"id":5542,"date":"2023-04-03T20:18:47","date_gmt":"2023-04-03T20:18:47","guid":{"rendered":"https:\/\/krankenhauspfarramt.de\/index.php\/2023\/04\/03\/kirchen-rufen-zur-teilnahme-an-sozialwahl-auf-ekd\/"},"modified":"2023-04-03T20:18:48","modified_gmt":"2023-04-03T20:18:48","slug":"kirchen-rufen-zur-teilnahme-an-sozialwahl-auf-ekd","status":"publish","type":"post","link":"https:\/\/krankenhauspfarramt.de\/index.php\/2023\/04\/03\/kirchen-rufen-zur-teilnahme-an-sozialwahl-auf-ekd\/","title":{"rendered":"Kirchen rufen zur Teilnahme an Sozialwahl auf \u2013 EKD"},"content":{"rendered":"<p> <br \/>\n<\/p>\n<div>\n<p>Im Zentrum der Wahl st\u00fcnden dabei die Orientierung am Wohl und der W\u00fcrde des Einzelnen ohne Ansehen der Person, die Sorge um gerechte Strukturen und die St\u00e4rkung der sozialen Selbstverwaltung als Ausdruck gesellschaftlicher Verantwortung.<\/p>\n<p>Nach sechs Jahren finden im April und Mai 2023 turnusgem\u00e4\u00df die Sozialwahlen statt. Gew\u00e4hlt werden die Sozialparlamente der f\u00fcnf Krankenkassen (TK, BARMER, DAK-Gesundheit, KKH und hkk) und der Deutschen Rentenversicherung Bund. Die Wahlberechtigten w\u00e4hlen in der Sozialwahl Vorschlagslisten, aus denen sich die Versichertenvertretung in dem jeweiligen Sozialversicherungstr\u00e4ger zusammensetzt. Auf einer gemeinsamen Liste kandidieren die drei in der Arbeitsgemeinschaft Christlicher Arbeitnehmerorganisationen (ACA) zusammengeschlossenen Verb\u00e4nde &#8211; das Kolpingwerk Deutschland, die Katholische Arbeitnehmer-Bewegung (KAB) und der Bundesverband Evangelischer Arbeitnehmerorganisationen (BVEA), hei\u00dft es in der Mitteilung.<\/p>\n<p>Die Kandidatinnen und Kandidaten der ACA tr\u00e4ten ein f\u00fcr die Solidarit\u00e4t der Jungen mit den Alten, der Gesunden mit den Kranken und der Leistungsst\u00e4rkeren mit den Leistungsschw\u00e4cheren, betonten Kurschus und B\u00e4tzing.<\/p>\n<\/p><\/div>\n","protected":false},"excerpt":{"rendered":"<p>Im Zentrum der Wahl st\u00fcnden dabei die Orientierung am Wohl und der W\u00fcrde des Einzelnen ohne Ansehen der Person, die<\/p>\n","protected":false},"author":1,"featured_media":5543,"comment_status":"closed","ping_status":"closed","sticky":false,"template":"","format":"standard","meta":{"footnotes":""},"categories":[20],"tags":[],"_links":{"self":[{"href":"https:\/\/krankenhauspfarramt.de\/index.php\/wp-json\/wp\/v2\/posts\/5542"}],"collection":[{"href":"https:\/\/krankenhauspfarramt.de\/index.php\/wp-json\/wp\/v2\/posts"}],"about":[{"href":"https:\/\/krankenhauspfarramt.de\/index.php\/wp-json\/wp\/v2\/types\/post"}],"author":[{"embeddable":true,"href":"https:\/\/krankenhauspfarramt.de\/index.php\/wp-json\/wp\/v2\/users\/1"}],"replies":[{"embeddable":true,"href":"https:\/\/krankenhauspfarramt.de\/index.php\/wp-json\/wp\/v2\/comments?post=5542"}],"version-history":[{"count":1,"href":"https:\/\/krankenhauspfarramt.de\/index.php\/wp-json\/wp\/v2\/posts\/5542\/revisions"}],"predecessor-version":[{"id":5544,"href":"https:\/\/krankenhauspfarramt.de\/index.php\/wp-json\/wp\/v2\/posts\/5542\/revisions\/5544"}],"wp:featuredmedia":[{"embeddable":true,"href":"https:\/\/krankenhauspfarramt.de\/index.php\/wp-json\/wp\/v2\/media\/5543"}],"wp:attachment":[{"href":"https:\/\/krankenhauspfarramt.de\/index.php\/wp-json\/wp\/v2\/media?parent=5542"}],"wp:term":[{"taxonomy":"category","embeddable":true,"href":"https:\/\/krankenhauspfarramt.de\/index.php\/wp-json\/wp\/v2\/categories?post=5542"},{"taxonomy":"post_tag","embeddable":true,"href":"https:\/\/krankenhauspfarramt.de\/index.php\/wp-json\/wp\/v2\/tags?post=5542"}],"curies":[{"name":"wp","href":"https:\/\/api.w.org\/{rel}","templated":true}]}}