{"id":5574,"date":"2023-04-11T21:21:25","date_gmt":"2023-04-11T21:21:25","guid":{"rendered":"https:\/\/krankenhauspfarramt.de\/index.php\/2023\/04\/11\/eskalation-des-lebens-und-der-liebe-ekd\/"},"modified":"2023-04-11T21:21:28","modified_gmt":"2023-04-11T21:21:28","slug":"eskalation-des-lebens-und-der-liebe-ekd","status":"publish","type":"post","link":"https:\/\/krankenhauspfarramt.de\/index.php\/2023\/04\/11\/eskalation-des-lebens-und-der-liebe-ekd\/","title":{"rendered":"\u201eEskalation des Lebens und der Liebe\u201c \u2013 EKD"},"content":{"rendered":"<p> <br \/>\n<\/p>\n<div>\n<p>\u201eHilf dem geliebten ukrainischen Volk auf dem Weg zum Frieden, und ergie\u00dfe dein \u00f6sterliches Licht \u00fcber das russische Volk\u201c, hei\u00dft es an den auferstandenen Jesus Christus gerichtet in der p\u00e4pstlichen Botschaft. \u201e\u00d6ffne die Herzen der gesamten internationalen Gemeinschaft, damit sie sich f\u00fcr die Beendigung dieses Krieges und aller Konflikte einsetzt, welche die Welt mit Blut beflecken\u201c, sagte der gesundheitlich angeschlagene Papst vor Zehntausenden Menschen vor dem traditionellen Segen \u201eUrbi et Orbi\u201c (der Stadt und dem Erdkreis).<\/p>\n<p>Der Vorsitzende der katholischen Deutschen Bischofskonferenz, Georg B\u00e4tzing, sagte, die Auferstehung Jesu setze der Eskalation der Krisen und der Gewalt die \u201eEskalation des Lebens und der Liebe\u201c entgegen. An diesem Osterfest erbl\u00fche die Hoffnung auf Frieden und Leben wider alle Hoffnung, weil die Lebensmacht des auferstandenen Herrn den grausamen Realit\u00e4ten von Kriegen und menschlichem Leid ein Schwergewicht entgegensetze, sagte er am Sonntag im Limburger Dom.<\/p>\n<p>Der hannoversche Landesbischof Ralf Meister betonte die Verbundenheit von Christinnen und Christen in aller Welt. \u201eWir haben die gleiche Herkunft: Wir sind getauft im Namen Jesu Christi. Wir haben die gleiche Abstammung: Wir nennen Gott unseren Vater\u201c, sagte Meister in seiner Festpredigt in der hannoverschen Marktkirche. Das oft gebrauchte Wort von der christlichen Geschwisterlichkeit habe f\u00fcr ihn durch einen Besuch im ukrainischen Odessa tiefere Bedeutung gewonnen.<\/p>\n<p>Vor zwei Wochen habe er dort mit einer kleinen lutherischen Gemeinde einen Gottesdienst gefeiert, berichtete Meister, der auch Leitender Bischof der Vereinigten Evangelisch-Lutherischen Kirche Deutschlands (VELKD) ist. Dabei habe er intensive N\u00e4he zu den Menschen in der vom Krieg ersch\u00fctterten Stadt gesp\u00fcrt.\u00a0<br \/>\u00a0<\/p>\n<\/p><\/div>\n","protected":false},"excerpt":{"rendered":"<p>\u201eHilf dem geliebten ukrainischen Volk auf dem Weg zum Frieden, und ergie\u00dfe dein \u00f6sterliches Licht \u00fcber das russische Volk\u201c, hei\u00dft<\/p>\n","protected":false},"author":1,"featured_media":5575,"comment_status":"closed","ping_status":"closed","sticky":false,"template":"","format":"standard","meta":{"footnotes":""},"categories":[20],"tags":[],"_links":{"self":[{"href":"https:\/\/krankenhauspfarramt.de\/index.php\/wp-json\/wp\/v2\/posts\/5574"}],"collection":[{"href":"https:\/\/krankenhauspfarramt.de\/index.php\/wp-json\/wp\/v2\/posts"}],"about":[{"href":"https:\/\/krankenhauspfarramt.de\/index.php\/wp-json\/wp\/v2\/types\/post"}],"author":[{"embeddable":true,"href":"https:\/\/krankenhauspfarramt.de\/index.php\/wp-json\/wp\/v2\/users\/1"}],"replies":[{"embeddable":true,"href":"https:\/\/krankenhauspfarramt.de\/index.php\/wp-json\/wp\/v2\/comments?post=5574"}],"version-history":[{"count":1,"href":"https:\/\/krankenhauspfarramt.de\/index.php\/wp-json\/wp\/v2\/posts\/5574\/revisions"}],"predecessor-version":[{"id":5576,"href":"https:\/\/krankenhauspfarramt.de\/index.php\/wp-json\/wp\/v2\/posts\/5574\/revisions\/5576"}],"wp:featuredmedia":[{"embeddable":true,"href":"https:\/\/krankenhauspfarramt.de\/index.php\/wp-json\/wp\/v2\/media\/5575"}],"wp:attachment":[{"href":"https:\/\/krankenhauspfarramt.de\/index.php\/wp-json\/wp\/v2\/media?parent=5574"}],"wp:term":[{"taxonomy":"category","embeddable":true,"href":"https:\/\/krankenhauspfarramt.de\/index.php\/wp-json\/wp\/v2\/categories?post=5574"},{"taxonomy":"post_tag","embeddable":true,"href":"https:\/\/krankenhauspfarramt.de\/index.php\/wp-json\/wp\/v2\/tags?post=5574"}],"curies":[{"name":"wp","href":"https:\/\/api.w.org\/{rel}","templated":true}]}}