{"id":5585,"date":"2023-04-19T16:04:26","date_gmt":"2023-04-19T16:04:26","guid":{"rendered":"https:\/\/krankenhauspfarramt.de\/index.php\/2023\/04\/19\/18-04-2023-50-jahre-friedenspfarramt-interview-mit-pfarrer-stefan-schwarzer-zur-freien-nutzung-in-ihrem-medium\/"},"modified":"2023-04-19T16:04:26","modified_gmt":"2023-04-19T16:04:26","slug":"18-04-2023-50-jahre-friedenspfarramt-interview-mit-pfarrer-stefan-schwarzer-zur-freien-nutzung-in-ihrem-medium","status":"publish","type":"post","link":"https:\/\/krankenhauspfarramt.de\/index.php\/2023\/04\/19\/18-04-2023-50-jahre-friedenspfarramt-interview-mit-pfarrer-stefan-schwarzer-zur-freien-nutzung-in-ihrem-medium\/","title":{"rendered":"18.04.2023 50 Jahre Friedenspfarramt \u2013 Interview mit Pfarrer Stefan Schwarzer zur freien Nutzung in Ihrem Medium"},"content":{"rendered":"<p><img decoding=\"async\" src=\"https:\/\/www.elk-wue.de\/\" \/><\/p>\n<div id=\"c42650\">\n<header>\n<h2 class=\"b_is-headline\">50 Jahre Friedenspfarramt \u2013 Interview mit Pfarrer Stefan Schwarzer zur freien Nutzung in Ihrem Medium<\/h2>\n<h3>\u201eAktuell wird einmal mehr bewusst, wie wichtig der Einsatz f\u00fcr den Frieden ist\u201c<\/h3>\n<\/header>\n<p>Stuttgart. Zum 1. Januar 1973 wurde die Sonderpfarrstelle des \u201eBeauftragten der Evangelischen Landeskirche f\u00fcr Fragen der Kriegsdienstverweigerer und Zivildienstleistenden\u201c eingerichtet. Dieses 50-j\u00e4hrige Jubil\u00e4um hat die Landeskirche am 17. April mit einem Podiumsgespr\u00e4ch in der Evangelischen Akademie Bad Boll gefeiert.<\/p>\n<p>Aus diesem Anlass finden Sie im Anhang zus\u00e4tzlich zur Pressemitteilung auch ein Interview mit Pfarrer Stefan Schwarzer, dem aktuellen landeskirchlichen Friedensbeauftragten, das Sie gerne frei in ihrem Medium verwenden k\u00f6nnen.<\/p>\n<p>Landesbischof Ernst-Wilhelm Gohl w\u00fcrdigt die Arbeit des Friedenspfarramtes so: &#8222;\u2018Suche Frieden und jage ihm nach\u2018, hei\u00dft es in Psalm 34,15. Aktuell wird uns einmal mehr bewusst, wie wichtig der Einsatz f\u00fcr den Frieden ist und wie weitsichtig unsere Landeskirche mit der Einrichtung eines Friedenspfarramtes gehandelt hat.\u201c<\/p>\n<p>Die historischen Wurzeln des Friedenpfarramtes lagen im Konflikt zwischen der allgemeinen Wehrpflicht und Artikel 4, Absatz 3 des Grundgesetzes, in dem es hei\u00dft: \u201eNiemand darf gegen sein Gewissen zum Kriegsdienst mit der Waffe gezwungen werden.\u201c Stefan Schwarzer, Friedensbeauftragter der w\u00fcrttembergischen Landeskirche, sagt dazu: \u201eEs dauerte einige Jahre, bis sich die Erkenntnis durchgesetzt hatte, dass zwischen Wehrpflicht und Artikel 4 ein logisches Problem bestand, doch ab 1961 war es m\u00f6glich zu verweigern: Am Ende eines schwierigen und komplexen Verfahrens konnte ein Verweigerer Zivildienst leisten.\u201c Das Pfarramt sei dezidiert gegr\u00fcndet worden, um junge M\u00e4nner in diesen Verfahren zu begleiten. Mit den Jahren sei es dann einfacher geworden, den Wehrdienst zu verweigern, bis er 2011 ganz abgeschafft wurde.<\/p>\n<p>Und weiter sagt Schwarzer: \u201eGro\u00dfe globale Ereignisse haben immer auch die Friedensarbeit betroffen. Der NATO-Doppelbeschluss, die Wende 1989, der Jugoslawienkrieg in den 90ern (und der dabei begangene Genozid in Srebrenica) und 9\/11 seien exemplarisch genannt. Kirchliche Friedensethik stand theologisch und praktisch immer vor neuen gro\u00dfen Herausforderungen, nicht erst seit dem 24. Februar 2022.\u201c Kriegsdienstverweigerung sei zwar kein Schwerpunkt der Arbeit, so Schwarzer, doch gebe es sie nach wie vor \u201eund seit Ausbruch des Ukrainekrieges mehr denn je: M\u00e4nner, die irgendwann den Wehrdienst geleistet haben und diesen nun, oft Jahrzehnte danach, r\u00fcckwirkend verweigern wollen.\u201c<\/p>\n<p>Schwerpunkte der Arbeit des Friedenspfarramts seien die Vernetzung mit kirchlichen und nichtkirchlichen Akteuren, Friedensbildung, konkrete Initiativen und Friedensgebete zu Themen wie Atomwaffen und Klimagerechtigkeit sowie das Offenhalten von Gespr\u00e4chsr\u00e4umen in anspruchsvollen Zeiten: \u201eEine Pandemie polarisiert, ein Krieg ebenso \u2013 um dies als Gesellschaft auszuhalten, m\u00fcssen Menschen einander menschlich begegnen k\u00f6nnen, mit Respekt vor der Vielfalt der Meinungen und einem regen Austausch dar\u00fcber, wo Meinung endet und Verunglimpfung beginnt\u201c, so Schwarzer. Das Friedenspfarramt solle ein solcher Ort sein, \u201ean dem dieser Austausch geschieht und aus dem heraus ein St\u00fcck Frieden erw\u00e4chst \u2013 in dem Wissen um unsere Begrenztheit und der Hoffnung auf einen anderen Frieden, h\u00f6her als die menschliche Vernunft.\u201c<\/p>\n<p>Dan Peter<br \/>Sprecher der Landeskirche\u00a0<\/p>\n<p><strong>Hinweis<\/strong>: Mehr \u00fcber das Friedenspfarramt der w\u00fcrttembergischen Landeskirche finden Sie hier.<\/p>\n<\/div>\n","protected":false},"excerpt":{"rendered":"<p>50 Jahre Friedenspfarramt \u2013 Interview mit Pfarrer Stefan Schwarzer zur freien Nutzung in Ihrem Medium \u201eAktuell wird einmal mehr bewusst,<\/p>\n","protected":false},"author":1,"featured_media":0,"comment_status":"closed","ping_status":"closed","sticky":false,"template":"","format":"standard","meta":{"footnotes":""},"categories":[21],"tags":[],"_links":{"self":[{"href":"https:\/\/krankenhauspfarramt.de\/index.php\/wp-json\/wp\/v2\/posts\/5585"}],"collection":[{"href":"https:\/\/krankenhauspfarramt.de\/index.php\/wp-json\/wp\/v2\/posts"}],"about":[{"href":"https:\/\/krankenhauspfarramt.de\/index.php\/wp-json\/wp\/v2\/types\/post"}],"author":[{"embeddable":true,"href":"https:\/\/krankenhauspfarramt.de\/index.php\/wp-json\/wp\/v2\/users\/1"}],"replies":[{"embeddable":true,"href":"https:\/\/krankenhauspfarramt.de\/index.php\/wp-json\/wp\/v2\/comments?post=5585"}],"version-history":[{"count":0,"href":"https:\/\/krankenhauspfarramt.de\/index.php\/wp-json\/wp\/v2\/posts\/5585\/revisions"}],"wp:attachment":[{"href":"https:\/\/krankenhauspfarramt.de\/index.php\/wp-json\/wp\/v2\/media?parent=5585"}],"wp:term":[{"taxonomy":"category","embeddable":true,"href":"https:\/\/krankenhauspfarramt.de\/index.php\/wp-json\/wp\/v2\/categories?post=5585"},{"taxonomy":"post_tag","embeddable":true,"href":"https:\/\/krankenhauspfarramt.de\/index.php\/wp-json\/wp\/v2\/tags?post=5585"}],"curies":[{"name":"wp","href":"https:\/\/api.w.org\/{rel}","templated":true}]}}