{"id":5589,"date":"2023-04-22T17:27:17","date_gmt":"2023-04-22T17:27:17","guid":{"rendered":"https:\/\/krankenhauspfarramt.de\/index.php\/2023\/04\/22\/generation-zukunft-sinnsuche-zwischen-angst-und-perspektive-ekd\/"},"modified":"2023-04-22T17:27:19","modified_gmt":"2023-04-22T17:27:19","slug":"generation-zukunft-sinnsuche-zwischen-angst-und-perspektive-ekd","status":"publish","type":"post","link":"https:\/\/krankenhauspfarramt.de\/index.php\/2023\/04\/22\/generation-zukunft-sinnsuche-zwischen-angst-und-perspektive-ekd\/","title":{"rendered":"\u201eGeneration Z(ukunft). Sinnsuche zwischen Angst und Perspektive\u201c \u2013 EKD"},"content":{"rendered":"<p> <br \/>\n<\/p>\n<div id=\"\">\n<div class=\"article--meta article--meta__border clearfix\">\n<p>                                    <time datetime=\"22.04.2023 17:00\" class=\"article--time\">22.04.2023<\/time><\/p>\n<p>                                     <strong class=\"article--type primus--overline\">Pressemitteilung<\/strong><\/p>\n<picture class=\"article--source-image image\"><source srcset=\"https:\/\/www.ekd.de\/ekd_de\/ds_img\/assets\/20170622_ekd-Quellenlogo_141_rdax_423x118.png\"><!--<source srcset=\"\/ekd_de\/ds_img\/assets\/20170622_ekd-Quellenlogo_141_rdax_141x39.png 1x, \/ekd_de\/ds_img\/assets\/20170622_ekd-Quellenlogo_141_rdax_282x78.png 2x, https:\/\/www.ekd.de\/ekd_de\/ds_img\/assets\/20170622_ekd-Quellenlogo_141_rdax_423x118.png 3x\">--><\/p>\n<p>    <\/source><\/picture>\n<\/p><\/div>\n<h2 class=\"article--sub-headline primus--sub-headline\">\u00d6kumenische Woche f\u00fcr das Leben zentral in Osnabr\u00fcck er\u00f6ffnet<\/h2>\n<\/p><\/div>\n<div id=\"\">\n<p class=\"EKDAdressdaten\">Die Lebenssituation junger Menschen im Alter zwischen 15 und 30 Jahren steht im Mittelpunkt der \u00f6kumenischen <em>Woche f\u00fcr das Leben<\/em> 2023, die heute (22.\u00a0 April 2023) im Dom Sankt Petrus\u00a0in Osnabr\u00fcck mit einem Festgottesdienst er\u00f6ffnet wurde. Unter dem Motto \u201eGeneration Z(ukunft). Sinnsuche zwischen Angst und Perspektive\u201c widmet sich die Initiative der evangelischen und katholischen Kirche in diesem Jahr tiefgreifenden Zukunfts\u00e4ngsten und existenziellen Krisen von Jugendlichen. Die Vorsitzende des Rates der Evangelischen Kirche in Deutschland (EKD), Pr\u00e4ses Dr. h. c. Annette Kurschus, und der Di\u00f6zesanadministrator des Bistums Osnabr\u00fcck, Weihbischof Johannes W\u00fcbbe, der auch Vorsitzender der Jugendkommission der Deutschen Bischofskonferenz ist, standen dem Gottesdienst vor.<\/p>\n<p class=\"EKDAdressdaten\">In seiner Predigt, f\u00fcr die zuvor im Bistum sowie im Sprengel Osnabr\u00fcck der Evangelisch-lutherischen Landeskirche Hannovers Statements junger Menschen gesammelt wurden, betonte Weihbischof W\u00fcbbe die Aktualit\u00e4t der biblischen Emmausgeschichte: \u201eDie Erz\u00e4hlung von den zwei J\u00fcngern, die auf ihrem Weg zur\u00fcck in ihr Heimatdorf vom Auferstandenen begleitet wurden und ihn erst beim Brotbrechen erkannten, (\u2026) zeigt uns einerseits, wie auch uns die Augen f\u00fcr die Wirklichkeit der Auferstehung aufgehen k\u00f6nnen, wenn wir uns auf die Not von Menschen einlassen und nach dem tiefen Sinn dessen, was Gott ihnen und uns zumutet und erleben l\u00e4sst, fragen. (\u2026) Wo immer wir Menschen in Not beistehen und mit ihnen ausharren, bezeugen wir unseren Glauben an den Auferstandenen. Menschliche Hilfe, die ohne Hintergedanken von Herzen kommt, bezeugt die absichtslose Hilfe Gottes und trifft ins Herz. In herausfordernden Situationen suchen Menschen jeden Alters nach einer solchen Hilfe \u2013 auch j\u00fcngere Menschen.\u201c Hilfe zu suchen und Hilfe annehmen zu k\u00f6nnen, das zeige die eigenen Grenzen des Selbermachens auf und mache offenbar, dass wir nicht alles allein schaffen, egal wie jung, wie alt wir sind, so Weihbischof W\u00fcbbe. Er dankte auch den vielen Mitarbeitenden in Kirche, Caritas und Diakonie, die solche Unterst\u00fctzung anbieten.<\/p>\n<p class=\"EKDAdressdaten\">Die EKD-Ratsvorsitzende, Pr\u00e4ses Annette Kurschus, hob in der thematischen Einf\u00fchrung die Freude dar\u00fcber hervor, dass in diesem Jahr Menschen der jungen Generation im Mittelpunkt der <em>Woche f\u00fcr das Leben<\/em> stehen: \u201eDie Lebenswelt junger Menschen kommt in den Blick: Wor\u00fcber denken sie nach, was besch\u00e4ftigt sie? Wovor haben sie Angst, was macht ihnen Sorge? Woraus ziehen sie Kraft, was sind ihre St\u00e4rken? Wonach sehnen sie sich, was hoffen sie?\u201c Zu einem guten Aufwachsen geh\u00f6rten nicht nur vielf\u00e4ltige soziale Kontakte, es brauche daf\u00fcr auch positive Perspektiven, Zuversicht, ein hoffnungsvolles Morgen. \u201eDie jungen Menschen der Generation Z kennen keine klare und einfache Welt; sie gehen mit Unbest\u00e4ndigkeit, Unsicherheit, Komplexit\u00e4t und Mehrdeutigkeit ganz selbstverst\u00e4ndlich um. Sie tun nichts unhinterfragt, stellen die \u201aSinnfrage\u2018 in s\u00e4mtlichen Lebensbez\u00fcgen und setzen klare Priorit\u00e4ten in ihrem Leben\u201c, sagte die EKD-Ratssitzende. Sie wies zudem darauf hin, dass die Gef\u00e4hrdung der psychischen Gesundheit junger Menschen w\u00e4hrend der letzten Jahre deutlich zugenommen habe: \u201eExistenzielle Krisen bis hin zu Suizidalit\u00e4t im Jugendalter sind keine Seltenheit. Auch daf\u00fcr wollen wir mit der diesj\u00e4hrigen <em>Woche f\u00fcr das Leben<\/em> ausdr\u00fccklich sensibilisieren.\u201c Kurschus betonte: \u201eWir werden genau hinh\u00f6ren, genau nachfragen und unsere kirchliche Unterst\u00fctzung anbieten, wo sie gew\u00fcnscht ist und gebraucht wird.\u201c<\/p>\n<p class=\"EKDAdressdaten\">Regionalbischof Friedrich Selter vom Sprengel Osnabr\u00fcck der Evangelisch-lutherischen Landeskirche Hannovers und Jugendliche aus der Evangelischen Jugend Osnabr\u00fcck haben im Gottesdienst mitgewirkt. Zudem konnten Gottesdienstbesucherinnen und -besucher ihre F\u00fcrbitten auf rund 200 Ballons notieren, die w\u00e4hrend des Gottesdienstes im Dom unter das Dach aufstiegen.<\/p>\n<p class=\"EKDAdressdaten\">Vor dem Gottesdienst haben zahlreiche Jugendliche und junge Erwachsene an Workshops teilgenommen, die das Bistum Osnabr\u00fcck anl\u00e4sslich der zentralen Er\u00f6ffnung der <em>Woche f\u00fcr das Leben<\/em> in der Franz-von-Assisi-Schule angeboten hat. Dabei ging es um Fluchterfahrungen, Klimawandel, Krisenbew\u00e4ltigung und Nachhaltigkeit. Vorbereitet und durchgef\u00fchrt wurden die Workshops vom BDKJ Di\u00f6zesanverband Osnabr\u00fcck in Kooperation mit dem Verein Deutsch-Syrischer Austausch Osnabr\u00fcck e. V., dem Regionalverband Emsland und der KJB Emsland-S\u00fcd sowie dem CVJM Osnabr\u00fcck e. V.<\/p>\n<p class=\"EKDAdressdaten\">Hinweise:<\/p>\n<p class=\"EKDAdressdaten\">Die thematische Einf\u00fchrung von Pr\u00e4ses Annette Kurschus und die Predigt des Di\u00f6zesanadministrators Weihbischof Johannes W\u00fcbbe sind in der Anlage verf\u00fcgbar.<\/p>\n<p class=\"EKDAdressdaten\">Nach dem Gottesdienst sind hochaufl\u00f6sende Fotos f\u00fcr die redaktionelle Verwendung auf www.dbk.de in der Bildergalerie unter dieser Pressemitteilung verf\u00fcgbar. Bitte beachten Sie das angegebene Copyright: Woche f\u00fcr das Leben\/Hermann Pentermann.<\/p>\n<p class=\"EKDAdressdaten\">Weitere Informationen zur <em>Woche f\u00fcr das Leben<\/em> sowie der Link zum Livestream des Gottesdienstes stehen unter www.woche-fuer-das-leben.de, www.dbk.de und www.youtube.de\/bistumosna bereit.<\/p>\n<p class=\"EKDAdressdaten\">Hannover, 22. April 2023<\/p>\n<p class=\"EKDAdressdaten\">Pressestelle der EKD<br \/>Annika Lukas<\/p>\n<\/div>\n","protected":false},"excerpt":{"rendered":"<p>22.04.2023 Pressemitteilung \u00d6kumenische Woche f\u00fcr das Leben zentral in Osnabr\u00fcck er\u00f6ffnet Die Lebenssituation junger Menschen im Alter zwischen 15 und<\/p>\n","protected":false},"author":1,"featured_media":5590,"comment_status":"closed","ping_status":"closed","sticky":false,"template":"","format":"standard","meta":{"footnotes":""},"categories":[20],"tags":[],"_links":{"self":[{"href":"https:\/\/krankenhauspfarramt.de\/index.php\/wp-json\/wp\/v2\/posts\/5589"}],"collection":[{"href":"https:\/\/krankenhauspfarramt.de\/index.php\/wp-json\/wp\/v2\/posts"}],"about":[{"href":"https:\/\/krankenhauspfarramt.de\/index.php\/wp-json\/wp\/v2\/types\/post"}],"author":[{"embeddable":true,"href":"https:\/\/krankenhauspfarramt.de\/index.php\/wp-json\/wp\/v2\/users\/1"}],"replies":[{"embeddable":true,"href":"https:\/\/krankenhauspfarramt.de\/index.php\/wp-json\/wp\/v2\/comments?post=5589"}],"version-history":[{"count":1,"href":"https:\/\/krankenhauspfarramt.de\/index.php\/wp-json\/wp\/v2\/posts\/5589\/revisions"}],"predecessor-version":[{"id":5591,"href":"https:\/\/krankenhauspfarramt.de\/index.php\/wp-json\/wp\/v2\/posts\/5589\/revisions\/5591"}],"wp:featuredmedia":[{"embeddable":true,"href":"https:\/\/krankenhauspfarramt.de\/index.php\/wp-json\/wp\/v2\/media\/5590"}],"wp:attachment":[{"href":"https:\/\/krankenhauspfarramt.de\/index.php\/wp-json\/wp\/v2\/media?parent=5589"}],"wp:term":[{"taxonomy":"category","embeddable":true,"href":"https:\/\/krankenhauspfarramt.de\/index.php\/wp-json\/wp\/v2\/categories?post=5589"},{"taxonomy":"post_tag","embeddable":true,"href":"https:\/\/krankenhauspfarramt.de\/index.php\/wp-json\/wp\/v2\/tags?post=5589"}],"curies":[{"name":"wp","href":"https:\/\/api.w.org\/{rel}","templated":true}]}}