{"id":5598,"date":"2023-04-24T20:36:20","date_gmt":"2023-04-24T20:36:20","guid":{"rendered":"https:\/\/krankenhauspfarramt.de\/index.php\/2023\/04\/24\/tausende-lassen-sich-zur-konfirmation-taufen-ekd\/"},"modified":"2023-04-24T20:36:21","modified_gmt":"2023-04-24T20:36:21","slug":"tausende-lassen-sich-zur-konfirmation-taufen-ekd","status":"publish","type":"post","link":"https:\/\/krankenhauspfarramt.de\/index.php\/2023\/04\/24\/tausende-lassen-sich-zur-konfirmation-taufen-ekd\/","title":{"rendered":"Tausende lassen sich zur Konfirmation taufen \u2013 EKD"},"content":{"rendered":"<p> <br \/>\n<\/p>\n<div>\n<p>F\u00fcr die Jugendlichen sei in der Konfirmandenzeit vor allem wichtig, Gemeinschaft zu erleben, sagte Ilg. Durch die Corona-Pandemie habe die digitale Konfirmandenarbeit zwar einen regelrechten Boom erlebt, viele Jugendliche seien allerdings vor allem dankbar f\u00fcr die kreativen Angebote der Gemeinden gewesen, um etwa im Freien Begegnungen zu erm\u00f6glichen. \u201eCamps und Freizeiten waren mancherorts nicht m\u00f6glich, und darunter hat die Konfi-Zeit sehr gelitten.\u201c<\/p>\n<p>Um das sich wandelnde Verh\u00e4ltnis zur Kirche nach der Konfirmation zu beobachten, befragte der Wissenschaftler in einer Langzeitstudie in regelm\u00e4\u00dfigen Abst\u00e4nden mehrere hundert Jugendliche, die 2013 konfirmiert wurden. Nach der Konfirmation gebe es insgesamt eine \u201eschleichende Distanzierung\u201c, die st\u00e4rker werde, wenn die jungen Erwachsenen den Heimatort zum Studium oder f\u00fcr die Ausbildung verlie\u00dfen, sagte er. Am neuen Wohnort sei es oft schwer, Anschluss zu einer Kirchengemeinde zu finden. Hinzu k\u00e4men mit dem ersten Einkommen auch die Abz\u00fcge f\u00fcr die Kirchensteuer.<\/p>\n<p>Er empfehle den Kirchen daher dringend, Kontakt zu den Jugendlichen zu halten und die Potenziale der Jugendarbeit auszusch\u00f6pfen, sagte Ilg. F\u00fcr die 20- bis 30-J\u00e4hrigen gebe es bislang nur wenig attraktive Angebote. Allerdings gebe es durchaus kreative Ideen wie Alumni-Treffen f\u00fcr Konfirmandinnen und Konfirmanden zu Weihnachten oder per Zoom-Konferenz. Auch schrieben in einigen Gemeinden die Konfis Briefe an ihr erwachsenes Ich und erhielten diese dann Jahre sp\u00e4ter, um zu neuer inhaltlicher Auseinandersetzung einzuladen. Dass die Konfirmation auch nicht getaufte Jugendliche anspreche, k\u00f6nne die Kirche als Ermutigung verstehen, dass sie f\u00fcr Jugendliche durchaus attraktive Angebote bereithalte.<\/p>\n<p style=\"text-align:right\"><em>epd-Gespr\u00e4ch: Charlotte Morgenthal (epd)<\/em><\/p>\n<\/p><\/div>\n","protected":false},"excerpt":{"rendered":"<p>F\u00fcr die Jugendlichen sei in der Konfirmandenzeit vor allem wichtig, Gemeinschaft zu erleben, sagte Ilg. Durch die Corona-Pandemie habe die<\/p>\n","protected":false},"author":1,"featured_media":5599,"comment_status":"closed","ping_status":"closed","sticky":false,"template":"","format":"standard","meta":{"footnotes":""},"categories":[20],"tags":[],"_links":{"self":[{"href":"https:\/\/krankenhauspfarramt.de\/index.php\/wp-json\/wp\/v2\/posts\/5598"}],"collection":[{"href":"https:\/\/krankenhauspfarramt.de\/index.php\/wp-json\/wp\/v2\/posts"}],"about":[{"href":"https:\/\/krankenhauspfarramt.de\/index.php\/wp-json\/wp\/v2\/types\/post"}],"author":[{"embeddable":true,"href":"https:\/\/krankenhauspfarramt.de\/index.php\/wp-json\/wp\/v2\/users\/1"}],"replies":[{"embeddable":true,"href":"https:\/\/krankenhauspfarramt.de\/index.php\/wp-json\/wp\/v2\/comments?post=5598"}],"version-history":[{"count":1,"href":"https:\/\/krankenhauspfarramt.de\/index.php\/wp-json\/wp\/v2\/posts\/5598\/revisions"}],"predecessor-version":[{"id":5600,"href":"https:\/\/krankenhauspfarramt.de\/index.php\/wp-json\/wp\/v2\/posts\/5598\/revisions\/5600"}],"wp:featuredmedia":[{"embeddable":true,"href":"https:\/\/krankenhauspfarramt.de\/index.php\/wp-json\/wp\/v2\/media\/5599"}],"wp:attachment":[{"href":"https:\/\/krankenhauspfarramt.de\/index.php\/wp-json\/wp\/v2\/media?parent=5598"}],"wp:term":[{"taxonomy":"category","embeddable":true,"href":"https:\/\/krankenhauspfarramt.de\/index.php\/wp-json\/wp\/v2\/categories?post=5598"},{"taxonomy":"post_tag","embeddable":true,"href":"https:\/\/krankenhauspfarramt.de\/index.php\/wp-json\/wp\/v2\/tags?post=5598"}],"curies":[{"name":"wp","href":"https:\/\/api.w.org\/{rel}","templated":true}]}}