{"id":5607,"date":"2023-05-02T11:24:18","date_gmt":"2023-05-02T11:24:18","guid":{"rendered":"https:\/\/krankenhauspfarramt.de\/index.php\/2023\/05\/02\/kiba-kirche-des-monats-mai-2023-in-niedenstein-ekd\/"},"modified":"2023-05-02T11:24:21","modified_gmt":"2023-05-02T11:24:21","slug":"kiba-kirche-des-monats-mai-2023-in-niedenstein-ekd","status":"publish","type":"post","link":"https:\/\/krankenhauspfarramt.de\/index.php\/2023\/05\/02\/kiba-kirche-des-monats-mai-2023-in-niedenstein-ekd\/","title":{"rendered":"\u201eKiBa-Kirche des Monats Mai 2023\u201c in Niedenstein \u2013 EKD"},"content":{"rendered":"<p> <br \/>\n<\/p>\n<div id=\"\">\n<div class=\"article--meta article--meta__border clearfix\">\n<p>                                    <time datetime=\"02.05.2023 09:00\" class=\"article--time\">02.05.2023<\/time><\/p>\n<p>                                     <strong class=\"article--type primus--overline\">Pressemitteilung<\/strong><\/p>\n<picture class=\"article--source-image image\"><source srcset=\"https:\/\/www.ekd.de\/ekd_de\/ds_img\/assets\/20170622_ekd-Quellenlogo_141_rdax_423x118.png\"><!--<source srcset=\"\/ekd_de\/ds_img\/assets\/20170622_ekd-Quellenlogo_141_rdax_141x39.png 1x, \/ekd_de\/ds_img\/assets\/20170622_ekd-Quellenlogo_141_rdax_282x78.png 2x, https:\/\/www.ekd.de\/ekd_de\/ds_img\/assets\/20170622_ekd-Quellenlogo_141_rdax_423x118.png 3x\">--><\/p>\n<p>    <\/source><\/picture>\n<\/p><\/div>\n<h2 class=\"article--sub-headline primus--sub-headline\">Dach und Zukunft f\u00fcr Gemeinschaft<\/h2>\n<\/p><\/div>\n<div id=\"\">\n<p>Die \u201eKultur- und Wanderkirche\u201c im hessischen Niedenstein ben\u00f6tigt ein neues Dach. Die Sanierung der Kirche beginnt in diesem Jahr und wird von der Stiftung zur Bewahrung kirchlicher Baudenkm\u00e4ler in Deutschland (Stiftung KiBa) mit 10.000 Euro gef\u00f6rdert. Die von der Evangelischen Kirche in Deutschland (EKD) gegr\u00fcndete Stiftung w\u00fcrdigt das Gotteshaus in Niedenstein als \u201eKirche des Monats Mai 2023\u201c.<\/p>\n<p>Die Niedensteiner Kirche wurde 1269 erstmalig urkundlich erw\u00e4hnt. Im Drei\u00dfigj\u00e4hrigen Krieg wurde das Geb\u00e4ude allerdings mehrfach zerst\u00f6rt und erst 1777 wieder aufgebaut. Das handgeschnitzte Eichengest\u00fchl, die Empore und die Kanzel fanden 1831 ihren Platz im Kirchraum, die Orgel folgte 13 Jahre sp\u00e4ter. Am \u201ePremium-Wanderweg Habichtswaldsteig\u201c gelegen, ist das Gotteshaus t\u00e4glich f\u00fcr Besucherinnen und Besucher ge\u00f6ffnet.<\/p>\n<p>Seit f\u00fcnf Jahren sammelt die Gemeinde Geld f\u00fcr die Instandsetzung der Stadtkirche; T\u00fcren, Au\u00dfenw\u00e4nde und Orgel sind schon restauriert. \u201eAuch das Dach ist durchfinanziert\u201c, sagt Dirk Grunewald vom Vorstand des Gemeindekirchenrates. 822.000 Euro sind daf\u00fcr veranschlagt; insgesamt werden sich die Kosten f\u00fcr die Arbeiten am Ende auf rund 1,6 Millionen Euro belaufen.<\/p>\n<p>Spenden f\u00fcr das Projekt gibt es reichlich. Jeden Winter findet ein Weihnachtsmarkt statt, bei dem Gl\u00fchwein und \u201eKirchenmarmelade\u201c verkauft werden, ebenso wie Taschen mit dem Bild der Stadtkirche. Im vergangenen Sommer gab es ein gro\u00dfes Tauffest mit 14 T\u00e4uflingen; im Juni soll es ein neues Angebot f\u00fcr Taufen auf der gr\u00fcnen Wiese geben. Konzerte und Ausstellungen stehen ohnehin regelm\u00e4\u00dfig im Jahresplan der Gemeinde. \u201eWenn man die Menschen einbindet, dann kommt einiges an Spenden zusammen\u201c, sagt der Kirchenratsvorsitzende. \u201eManchmal geben Leute unfassbar viel, teilweise auch solche, die nicht mal mehr in der Kirche sind.\u201c<\/p>\n<p>Urspr\u00fcnglich wollte die Gemeinde auf dem neuen Dach \u00fcbrigens gleich eine Photovoltaik-Anlage einbauen lassen, doch der daf\u00fcr n\u00f6tige Speicher ist derzeit nicht lieferbar. Immerhin soll bei den Arbeiten alles so vorbereitet werden, dass der Einbau jederzeit nachgeholt werden kann. So wird in Niedenstein gleich mehrfach f\u00fcr die Zukunft vorgebaut.<\/p>\n<p><em>Die Stiftung zur Bewahrung kirchlicher Baudenkm\u00e4ler in Deutschland (Stiftung KiBa) ist eine Stiftung der EKD und der evangelischen Landeskirchen. Seit 1999 hat sie Zusagen f\u00fcr Sanierungsvorhaben in H\u00f6he von rund 35,5 Millionen Euro geben k\u00f6nnen. F\u00fcr dieses Jahr hat die KiBa bislang F\u00f6rderzusagen von mehr als einer Million Euro vorgesehen. Rund 3.800 Mitglieder engagieren sich bundesweit im \u201eF\u00f6rderverein der Stiftung KiBa e. V.\u201c Weitere Informationen unter <\/em><em>www.stiftung-kiba.de<\/em><em>.<\/em><\/p>\n<p>Hannover, 2. Mai 2023<\/p>\n<p class=\"EKDAdressdaten\">Pressestelle der EKD<\/p>\n<\/div>\n","protected":false},"excerpt":{"rendered":"<p>02.05.2023 Pressemitteilung Dach und Zukunft f\u00fcr Gemeinschaft Die \u201eKultur- und Wanderkirche\u201c im hessischen Niedenstein ben\u00f6tigt ein neues Dach. Die Sanierung<\/p>\n","protected":false},"author":1,"featured_media":5608,"comment_status":"closed","ping_status":"closed","sticky":false,"template":"","format":"standard","meta":{"footnotes":""},"categories":[20],"tags":[],"_links":{"self":[{"href":"https:\/\/krankenhauspfarramt.de\/index.php\/wp-json\/wp\/v2\/posts\/5607"}],"collection":[{"href":"https:\/\/krankenhauspfarramt.de\/index.php\/wp-json\/wp\/v2\/posts"}],"about":[{"href":"https:\/\/krankenhauspfarramt.de\/index.php\/wp-json\/wp\/v2\/types\/post"}],"author":[{"embeddable":true,"href":"https:\/\/krankenhauspfarramt.de\/index.php\/wp-json\/wp\/v2\/users\/1"}],"replies":[{"embeddable":true,"href":"https:\/\/krankenhauspfarramt.de\/index.php\/wp-json\/wp\/v2\/comments?post=5607"}],"version-history":[{"count":1,"href":"https:\/\/krankenhauspfarramt.de\/index.php\/wp-json\/wp\/v2\/posts\/5607\/revisions"}],"predecessor-version":[{"id":5609,"href":"https:\/\/krankenhauspfarramt.de\/index.php\/wp-json\/wp\/v2\/posts\/5607\/revisions\/5609"}],"wp:featuredmedia":[{"embeddable":true,"href":"https:\/\/krankenhauspfarramt.de\/index.php\/wp-json\/wp\/v2\/media\/5608"}],"wp:attachment":[{"href":"https:\/\/krankenhauspfarramt.de\/index.php\/wp-json\/wp\/v2\/media?parent=5607"}],"wp:term":[{"taxonomy":"category","embeddable":true,"href":"https:\/\/krankenhauspfarramt.de\/index.php\/wp-json\/wp\/v2\/categories?post=5607"},{"taxonomy":"post_tag","embeddable":true,"href":"https:\/\/krankenhauspfarramt.de\/index.php\/wp-json\/wp\/v2\/tags?post=5607"}],"curies":[{"name":"wp","href":"https:\/\/api.w.org\/{rel}","templated":true}]}}