{"id":5612,"date":"2023-05-02T19:48:00","date_gmt":"2023-05-02T19:48:00","guid":{"rendered":"https:\/\/krankenhauspfarramt.de\/index.php\/2023\/05\/02\/kirchen-besorgt-um-situation-in-berg-karabach-ekd\/"},"modified":"2023-05-02T19:48:03","modified_gmt":"2023-05-02T19:48:03","slug":"kirchen-besorgt-um-situation-in-berg-karabach-ekd","status":"publish","type":"post","link":"https:\/\/krankenhauspfarramt.de\/index.php\/2023\/05\/02\/kirchen-besorgt-um-situation-in-berg-karabach-ekd\/","title":{"rendered":"Kirchen besorgt um Situation in Berg-Karabach \u2013 EKD"},"content":{"rendered":"<p> <br \/>\n<\/p>\n<div id=\"\">\n<div class=\"article--meta article--meta__border clearfix\">\n<p>                                    <time datetime=\"28.04.2023 10:30\" class=\"article--time\">28.04.2023<\/time><\/p>\n<p>                                     <strong class=\"article--type primus--overline\">Pressemitteilung<\/strong><\/p>\n<\/p><\/div>\n<h2 class=\"article--sub-headline primus--sub-headline\">\u00d6kumenische Fachtagung zum Schutz der Kulturg\u00fcter am 28. April 2023<\/h2>\n<\/p><\/div>\n<div id=\"\">\n<p class=\"default\">Anl\u00e4sslich einer gemeinsamen Fachtagung zur Gef\u00e4hrdung des christlichen Kulturerbes in Berg-Karabach, die am heutigen Freitag (28. April 2023) in K\u00f6ln stattfindet, haben die Armenische Apostolische Kirche, die Deutsche Bischofskonferenz (DBK) und die Evangelische Kirche in Deutschland (EKD) ihre Sorge vor einer weiteren Versch\u00e4rfung des Konfliktes in der Region zum Ausdruck gebracht.<\/p>\n<p class=\"default\">Durch den von Ende der 1980er Jahre bis heute anhaltenden milit\u00e4rischen Konflikt um Berg-Karabach haben nicht nur die dort lebenden Menschen gelitten, sondern sind auch die bedeutenden Kulturg\u00fcter in einer der \u00e4ltesten christlich gepr\u00e4gten Weltgegenden betroffen. Viele christliche Kl\u00f6ster und Kirchen, z. T. mehr als 1000 Jahre alt, sind von der Entwidmung und Zerst\u00f6rung bedroht. Inschriften und Grabm\u00e4ler werden aus identit\u00e4tspolitischen Gr\u00fcnden vernichtet.<\/p>\n<p class=\"default\">In den letzten Monaten hat sich auch die Lebenssituation in der v\u00f6lkerrechtlich umstrittenen Region verschlechtert. Durch die Blockade des Latschin-Korridors, der das armenisch besiedelte Berg-Karabach mit Armenien verbindet, und den Aufmarsch massiver Truppenkontingente an den Grenzen haben sich die Konflikte im S\u00fcdkaukasus erneut versch\u00e4rft. Es droht eine humanit\u00e4re Katastrophe.<\/p>\n<p class=\"default\">Die Organisatoren der Konferenz unterst\u00fctzen daher den Aufruf zum Gebet f\u00fcr Frieden und Solidarit\u00e4t der Arbeitsgemeinschaft Christlicher Kirchen (ACK) vom 23. M\u00e4rz 2023. \u201eAngesichts der bedrohlichen und f\u00fcr die Menschen der Region zunehmend untragbaren Situation rufen wir zu Solidarit\u00e4t und Gebet auf\u201c, erkl\u00e4rt der Primas der Armenischen Apostolischen Kirche in Deutschland, Bischof Serovp\u00e9 Isakhanyan. \u201eDurch die Blockade des Latschin-Korridors sind 120.000 Menschen in Arzach von der Versorgung mit Lebensmitteln und medizinischen G\u00fctern abgeschnitten.\u201c<\/p>\n<p class=\"default\">Bischof Dr. Bertram Meier, Vorsitzender der Kommission Weltkirche der Deutschen Bischofskonferenz, betont die Notwendigkeit einer politischen Antwort auf die Krise: \u201eEs ist unsere Aufgabe als Christen, den Dialog zwischen den verschiedenen V\u00f6lkern, Religionen und politischen \u00dcberzeugungen anzuregen, damit unseren Geschwistern im S\u00fcdkaukasus ein Zusammenleben in Frieden und Vers\u00f6hnung m\u00f6glich ist. Wir rufen auch die Europ\u00e4ische Union auf, sich zum Wohle aller Menschen in der Region und zum Erhalt der jahrtausendealten Kultur f\u00fcr eine friedliche L\u00f6sung des Konflikts einzusetzen.\u201c<\/p>\n<p class=\"default\">F\u00fcr die EKD unterstreicht die Leiterin der \u00d6kumene- und Auslandsarbeit, Bisch\u00f6fin Petra Bosse-Huber: \u201eWir bitten Gott darum, weitere Gewalt an den Grenzen Armeniens zu verh\u00fcten, und darum, denen, die Verantwortung in Politik, Wirtschaft und Gesellschaft tragen, Wege zu zeigen, wie sie angesichts immer weiter wachsender Feindschaft zum Wohle aller handeln k\u00f6nnen.\u201c<\/p>\n<p class=\"default\"><em>Hinweis<\/em><\/p>\n<p class=\"default\">Im Anschluss an die Fachtagung findet um 19.30 Uhr eine \u00f6ffentliche Informationsveranstaltung im Domforum K\u00f6ln statt. Bei der Abendveranstaltung werden das christliche Kulturerbe der Region, juristische Positionen und die aktuelle Lage in der Region in kurzen Beitr\u00e4gen vorgestellt und diskutiert. Die Diskussion moderiert Au\u00dfenminister a. D. Markus Meckel. Eine Anmeldung zu der Abendveranstaltung ist auch kurzfristig noch m\u00f6glich auf der Internetseite des Domforums unter https:\/\/www.domforum.de\/veranstaltungen-\/Das-bedrohte-christliche-Kulturerbe-in-Berg-Karabach&#8212;19.30-Uhr<\/p>\n<p>Hannover, 28. April 2023<\/p>\n<p class=\"EKDAdressdaten\">Pressestelle der EKD<br \/>Annika Lukas<\/p>\n<\/div>\n","protected":false},"excerpt":{"rendered":"<p>28.04.2023 Pressemitteilung \u00d6kumenische Fachtagung zum Schutz der Kulturg\u00fcter am 28. April 2023 Anl\u00e4sslich einer gemeinsamen Fachtagung zur Gef\u00e4hrdung des christlichen<\/p>\n","protected":false},"author":1,"featured_media":569,"comment_status":"closed","ping_status":"closed","sticky":false,"template":"","format":"standard","meta":{"footnotes":""},"categories":[20],"tags":[],"_links":{"self":[{"href":"https:\/\/krankenhauspfarramt.de\/index.php\/wp-json\/wp\/v2\/posts\/5612"}],"collection":[{"href":"https:\/\/krankenhauspfarramt.de\/index.php\/wp-json\/wp\/v2\/posts"}],"about":[{"href":"https:\/\/krankenhauspfarramt.de\/index.php\/wp-json\/wp\/v2\/types\/post"}],"author":[{"embeddable":true,"href":"https:\/\/krankenhauspfarramt.de\/index.php\/wp-json\/wp\/v2\/users\/1"}],"replies":[{"embeddable":true,"href":"https:\/\/krankenhauspfarramt.de\/index.php\/wp-json\/wp\/v2\/comments?post=5612"}],"version-history":[{"count":1,"href":"https:\/\/krankenhauspfarramt.de\/index.php\/wp-json\/wp\/v2\/posts\/5612\/revisions"}],"predecessor-version":[{"id":5613,"href":"https:\/\/krankenhauspfarramt.de\/index.php\/wp-json\/wp\/v2\/posts\/5612\/revisions\/5613"}],"wp:featuredmedia":[{"embeddable":true,"href":"https:\/\/krankenhauspfarramt.de\/index.php\/wp-json\/wp\/v2\/media\/569"}],"wp:attachment":[{"href":"https:\/\/krankenhauspfarramt.de\/index.php\/wp-json\/wp\/v2\/media?parent=5612"}],"wp:term":[{"taxonomy":"category","embeddable":true,"href":"https:\/\/krankenhauspfarramt.de\/index.php\/wp-json\/wp\/v2\/categories?post=5612"},{"taxonomy":"post_tag","embeddable":true,"href":"https:\/\/krankenhauspfarramt.de\/index.php\/wp-json\/wp\/v2\/tags?post=5612"}],"curies":[{"name":"wp","href":"https:\/\/api.w.org\/{rel}","templated":true}]}}