{"id":5617,"date":"2023-05-04T10:16:13","date_gmt":"2023-05-04T10:16:13","guid":{"rendered":"https:\/\/krankenhauspfarramt.de\/index.php\/2023\/05\/04\/europas-aussengrenzen-fuer-schutzsuchende-nicht-verschliessen-ekd\/"},"modified":"2023-05-04T10:16:15","modified_gmt":"2023-05-04T10:16:15","slug":"europas-aussengrenzen-fuer-schutzsuchende-nicht-verschliessen-ekd","status":"publish","type":"post","link":"https:\/\/krankenhauspfarramt.de\/index.php\/2023\/05\/04\/europas-aussengrenzen-fuer-schutzsuchende-nicht-verschliessen-ekd\/","title":{"rendered":"Europas Au\u00dfengrenzen f\u00fcr Schutzsuchende nicht verschlie\u00dfen \u2013 EKD"},"content":{"rendered":"<p> <br \/>\n<\/p>\n<div>\n<p>Der Bischofskonferenz-Vorsitzende Georg B\u00e4tzing, die EKD-Ratsvorsitzende Annette Kurschus und der Vorsitzende der Orthodoxen Bischofskonferenz in Deutschland, Metropolit Augoustinos, appellieren in ihrem Wort an Politik und Verwaltung, \u201edas Recht auf Asyl zu verteidigen, faire Verfahren zu garantieren und Menschen in Not zu ihrem Recht zu verhelfen.\u201c Dies schlie\u00dfe eine w\u00fcrdige und sichere Unterbringung ein, insbesondere von denen, die am verletzlichsten sind.<\/p>\n<p>In ihrem Gemeinsamen Wort gehen Kurschus, B\u00e4tzing und Augoustinos auf die Fl\u00fcchtlinge aus den weltweiten Krisenregionen ein: \u201eSie alle sind vor Not, Unrecht, Terror, Gewalt und Zerst\u00f6rung in ihren Herkunftsl\u00e4ndern geflohen und auf unsere Hilfe angewiesen. Deshalb darf es auch keine Fl\u00fcchtlinge erster und zweiter Klasse geben.\u201c<\/p>\n<p>Mit Blick auf die Aufnahme von Fl\u00fcchtlingen aus der Ukraine heben Pr\u00e4ses Kurschus, Bischof B\u00e4tzing und Metropolit Augoustinos die Unterst\u00fctzung durch Kommunen und B\u00fcrger in Deutschland hervor: \u201eWir sind dankbar f\u00fcr das hohe Ma\u00df an Solidarit\u00e4t und Hilfsbereitschaft in der Zivilgesellschaft. Und dankbar sind wir auch f\u00fcr das gro\u00dfe Engagement der St\u00e4dte und Gemeinden. Sie leisten Gro\u00dfartiges bei der schnellen Aufnahme von Gefl\u00fcchteten.\u201c<\/p>\n<p>Der russische Angriffskrieg gegen die Ukraine f\u00fchre in dramatischer Weise vor Augen, dass die zivilisatorische Leistung eines friedlichen Zusammenlebens zerbrechlich sei. \u201eWeder im Gro\u00dfen, in den Beziehungen zwischen V\u00f6lkern und Nationen, noch im Kleinen, in der Gestaltung des gesellschaftlichen Alltags in kultureller Vielfalt, ist das friedliche Zusammenleben der Menschen etwas Selbstverst\u00e4ndliches\u201c, so die drei Vorsitzenden.<\/p>\n<p>Die<strong> Interkulturelle Woche vom 24. September bis 1. Oktober steht unter dem Leitthema \u201eNeue R\u00e4ume\u201c.<\/strong> Sie findet seit 1975 Ende September statt und wird von Kirchen, Kommunen, Wohlfahrtsverb\u00e4nden, Gewerkschaften, Integrationsbeir\u00e4ten und -beauftragten, Migrantinnen- und Migrantenorganisationen, Religionsgemeinschaften und Initiativgruppen unterst\u00fctzt und mitgetragen. In mehr als 600 St\u00e4dten und Gemeinden gibt es den Angaben zufolge rund 5.000 Veranstaltungen. Der nationale<strong> \u201eTag des Fl\u00fcchtlings\u201c<\/strong>, dieses Jahr am <strong>29. September, ist Bestandteil der Interkulturellen Woche.<\/strong><\/p>\n<\/p><\/div>\n","protected":false},"excerpt":{"rendered":"<p>Der Bischofskonferenz-Vorsitzende Georg B\u00e4tzing, die EKD-Ratsvorsitzende Annette Kurschus und der Vorsitzende der Orthodoxen Bischofskonferenz in Deutschland, Metropolit Augoustinos, appellieren in<\/p>\n","protected":false},"author":1,"featured_media":5618,"comment_status":"closed","ping_status":"closed","sticky":false,"template":"","format":"standard","meta":{"footnotes":""},"categories":[20],"tags":[],"_links":{"self":[{"href":"https:\/\/krankenhauspfarramt.de\/index.php\/wp-json\/wp\/v2\/posts\/5617"}],"collection":[{"href":"https:\/\/krankenhauspfarramt.de\/index.php\/wp-json\/wp\/v2\/posts"}],"about":[{"href":"https:\/\/krankenhauspfarramt.de\/index.php\/wp-json\/wp\/v2\/types\/post"}],"author":[{"embeddable":true,"href":"https:\/\/krankenhauspfarramt.de\/index.php\/wp-json\/wp\/v2\/users\/1"}],"replies":[{"embeddable":true,"href":"https:\/\/krankenhauspfarramt.de\/index.php\/wp-json\/wp\/v2\/comments?post=5617"}],"version-history":[{"count":1,"href":"https:\/\/krankenhauspfarramt.de\/index.php\/wp-json\/wp\/v2\/posts\/5617\/revisions"}],"predecessor-version":[{"id":5619,"href":"https:\/\/krankenhauspfarramt.de\/index.php\/wp-json\/wp\/v2\/posts\/5617\/revisions\/5619"}],"wp:featuredmedia":[{"embeddable":true,"href":"https:\/\/krankenhauspfarramt.de\/index.php\/wp-json\/wp\/v2\/media\/5618"}],"wp:attachment":[{"href":"https:\/\/krankenhauspfarramt.de\/index.php\/wp-json\/wp\/v2\/media?parent=5617"}],"wp:term":[{"taxonomy":"category","embeddable":true,"href":"https:\/\/krankenhauspfarramt.de\/index.php\/wp-json\/wp\/v2\/categories?post=5617"},{"taxonomy":"post_tag","embeddable":true,"href":"https:\/\/krankenhauspfarramt.de\/index.php\/wp-json\/wp\/v2\/tags?post=5617"}],"curies":[{"name":"wp","href":"https:\/\/api.w.org\/{rel}","templated":true}]}}