{"id":5620,"date":"2023-05-04T14:17:09","date_gmt":"2023-05-04T14:17:09","guid":{"rendered":"https:\/\/krankenhauspfarramt.de\/index.php\/2023\/05\/04\/parlamentarier-erwarten-stuetze-und-staerkung-ekd\/"},"modified":"2023-05-04T14:17:11","modified_gmt":"2023-05-04T14:17:11","slug":"parlamentarier-erwarten-stuetze-und-staerkung-ekd","status":"publish","type":"post","link":"https:\/\/krankenhauspfarramt.de\/index.php\/2023\/05\/04\/parlamentarier-erwarten-stuetze-und-staerkung-ekd\/","title":{"rendered":"Parlamentarier erwarten \u201eSt\u00fctze und St\u00e4rkung\u201c \u2013 EKD"},"content":{"rendered":"<p> <br \/>\n<\/p>\n<div>\n<p>Wichtig sei, ein Gef\u00fchl der Vertrautheit und Geborgenheit herzustellen, sagte Gidion. \u201eIch bekomme oft die R\u00fcckmeldung, dass das vor allem beim Singen von Liedern gelingt, die viele noch aus ihrer Konfirmanden- oder Pfadfinderzeit kennen\u201c, sagte die evangelische Theologin, die die EKD in Berlin gegen\u00fcber der Bundesregierung sowie in Br\u00fcssel gegen\u00fcber der Europ\u00e4ischen Union vertritt und als Seelsorgerin Ansprechpartnerin f\u00fcr die evangelischen Parlamentarier ist.<\/p>\n<p>Auch sp\u00fcre sie seitens der Abgeordneten ein Bed\u00fcrfnis nach einem \u201eklaren geistlichen Wort\u201c, w\u00e4hrend politisch gef\u00e4rbte Predigten weniger Zustimmung f\u00e4nden, sagte Gidion. \u201eIch erlebe schon die Erwartung, m\u00f6glichst ausgewogen zu agieren, nicht zu konservativ und nicht zu liberal zu predigen.\u201c<\/p>\n<p>Mit ihrer Aufgabe sei ihr Respekt vor Politikerinnen und Politikern noch einmal gestiegen: In Zeiten, in denen die gesellschaftliche Bindung an zentrale Institutionen wie Parteien oder auch Kirchen br\u00fcchiger w\u00fcrden, verdienten Menschen, die sich in diesen Zusammenh\u00e4ngen engagieren, umso mehr Wertsch\u00e4tzung, sagte Gidion.<\/p>\n<p style=\"text-align:right\"><em>epd-Gespr\u00e4ch: Daniel Behrendt<\/em><\/p>\n<\/p><\/div>\n","protected":false},"excerpt":{"rendered":"<p>Wichtig sei, ein Gef\u00fchl der Vertrautheit und Geborgenheit herzustellen, sagte Gidion. \u201eIch bekomme oft die R\u00fcckmeldung, dass das vor allem<\/p>\n","protected":false},"author":1,"featured_media":4893,"comment_status":"closed","ping_status":"closed","sticky":false,"template":"","format":"standard","meta":{"footnotes":""},"categories":[20],"tags":[],"_links":{"self":[{"href":"https:\/\/krankenhauspfarramt.de\/index.php\/wp-json\/wp\/v2\/posts\/5620"}],"collection":[{"href":"https:\/\/krankenhauspfarramt.de\/index.php\/wp-json\/wp\/v2\/posts"}],"about":[{"href":"https:\/\/krankenhauspfarramt.de\/index.php\/wp-json\/wp\/v2\/types\/post"}],"author":[{"embeddable":true,"href":"https:\/\/krankenhauspfarramt.de\/index.php\/wp-json\/wp\/v2\/users\/1"}],"replies":[{"embeddable":true,"href":"https:\/\/krankenhauspfarramt.de\/index.php\/wp-json\/wp\/v2\/comments?post=5620"}],"version-history":[{"count":1,"href":"https:\/\/krankenhauspfarramt.de\/index.php\/wp-json\/wp\/v2\/posts\/5620\/revisions"}],"predecessor-version":[{"id":5621,"href":"https:\/\/krankenhauspfarramt.de\/index.php\/wp-json\/wp\/v2\/posts\/5620\/revisions\/5621"}],"wp:featuredmedia":[{"embeddable":true,"href":"https:\/\/krankenhauspfarramt.de\/index.php\/wp-json\/wp\/v2\/media\/4893"}],"wp:attachment":[{"href":"https:\/\/krankenhauspfarramt.de\/index.php\/wp-json\/wp\/v2\/media?parent=5620"}],"wp:term":[{"taxonomy":"category","embeddable":true,"href":"https:\/\/krankenhauspfarramt.de\/index.php\/wp-json\/wp\/v2\/categories?post=5620"},{"taxonomy":"post_tag","embeddable":true,"href":"https:\/\/krankenhauspfarramt.de\/index.php\/wp-json\/wp\/v2\/tags?post=5620"}],"curies":[{"name":"wp","href":"https:\/\/api.w.org\/{rel}","templated":true}]}}