{"id":5627,"date":"2023-05-05T11:07:11","date_gmt":"2023-05-05T11:07:11","guid":{"rendered":"https:\/\/krankenhauspfarramt.de\/index.php\/2023\/05\/05\/ekd-auslandsbischoefin-ruft-zu-gebeten-fuer-die-menschen-im-sudan-auf-ekd\/"},"modified":"2023-05-05T11:07:12","modified_gmt":"2023-05-05T11:07:12","slug":"ekd-auslandsbischoefin-ruft-zu-gebeten-fuer-die-menschen-im-sudan-auf-ekd","status":"publish","type":"post","link":"https:\/\/krankenhauspfarramt.de\/index.php\/2023\/05\/05\/ekd-auslandsbischoefin-ruft-zu-gebeten-fuer-die-menschen-im-sudan-auf-ekd\/","title":{"rendered":"EKD-Auslandsbisch\u00f6fin ruft zu Gebeten f\u00fcr die Menschen im Sudan auf \u2013 EKD"},"content":{"rendered":"<p> <br \/>\n<\/p>\n<div>\n<p>Die Auslandsbisch\u00f6fin zeigte sich zudem entsetzt von der derzeit herrschenden Gewalt: \u201eIn der Vergangenheit habe ich gro\u00dfe Hoffnungen auf die demokratischen Ver\u00e4nderungen im Sudan gesetzt, denn sie waren von den Menschen mit ihren friedlichen Protesten hart erk\u00e4mpft. Die aktuelle Gewalt scheint nun alles zu Nichte zu machen. Verursacht von den r\u00fccksichtslosen Interessen einzelner, die sich wirtschaftlichen und politischen Einfluss sichern wollen. Leidtragende sind die Menschen, die sich vor der brutalen Gewalt in Sicherheit bringen m\u00fcssen. Verzweifelt versuchen sie sich in Sicherheit zu bringen oder wenigstens an sauberes Wasser und Lebensmittel zu kommen. Das alles geschieht in einem Land und einer Region, in der ohnehin schon unz\u00e4hlige\u00a0 Menschen auf der Flucht sind.\u201c<\/p>\n<p>Aus diesem Grund ruft Auslandsbisch\u00f6fin Bosse-Huber Menschen und Gemeinden zu <strong>Gebeten f\u00fcr die Situation<\/strong> und <strong>vor allem die Menschen im Sudan<\/strong> auf.<\/p>\n<p>Guter Gott,<br \/>wir sp\u00fcren deine N\u00e4he und Zuwendung<br \/>in den begl\u00fcckenden und sonnigen Momenten des Lebens.<br \/>Aber, wir sehen dich auch an den Kreuzen dieser Erde,<br \/>dort, wo Gewalt das Leben verd\u00fcstert<br \/>wo Hunger Gedeihen verhindert<br \/>wo Vertreibung Menschen entwurzelt.<br \/>Wir bitten dich heute besonders f\u00fcr die Menschen im Sudan:<br \/>Lass die Gewalt ein Ende finden und die Machthaber ein Einsehen haben,<br \/>erm\u00f6gliche, dass Menschen bekommen, was sie zum Leben brauchen,<br \/>und sie an dem Ort unbeschwert aufwachsen und leben k\u00f6nnen, der ihnen vertraut ist.<br \/>Lass uns die Kraft und Zuversicht finden, zu tun, was wir tun k\u00f6nnen,<br \/>f\u00fcr die Menschen im Sudan und an anderen Orten deiner Welt.<\/p>\n<p>Amen<\/p>\n<\/p><\/div>\n","protected":false},"excerpt":{"rendered":"<p>Die Auslandsbisch\u00f6fin zeigte sich zudem entsetzt von der derzeit herrschenden Gewalt: \u201eIn der Vergangenheit habe ich gro\u00dfe Hoffnungen auf die<\/p>\n","protected":false},"author":1,"featured_media":3400,"comment_status":"closed","ping_status":"closed","sticky":false,"template":"","format":"standard","meta":{"footnotes":""},"categories":[20],"tags":[],"_links":{"self":[{"href":"https:\/\/krankenhauspfarramt.de\/index.php\/wp-json\/wp\/v2\/posts\/5627"}],"collection":[{"href":"https:\/\/krankenhauspfarramt.de\/index.php\/wp-json\/wp\/v2\/posts"}],"about":[{"href":"https:\/\/krankenhauspfarramt.de\/index.php\/wp-json\/wp\/v2\/types\/post"}],"author":[{"embeddable":true,"href":"https:\/\/krankenhauspfarramt.de\/index.php\/wp-json\/wp\/v2\/users\/1"}],"replies":[{"embeddable":true,"href":"https:\/\/krankenhauspfarramt.de\/index.php\/wp-json\/wp\/v2\/comments?post=5627"}],"version-history":[{"count":1,"href":"https:\/\/krankenhauspfarramt.de\/index.php\/wp-json\/wp\/v2\/posts\/5627\/revisions"}],"predecessor-version":[{"id":5628,"href":"https:\/\/krankenhauspfarramt.de\/index.php\/wp-json\/wp\/v2\/posts\/5627\/revisions\/5628"}],"wp:featuredmedia":[{"embeddable":true,"href":"https:\/\/krankenhauspfarramt.de\/index.php\/wp-json\/wp\/v2\/media\/3400"}],"wp:attachment":[{"href":"https:\/\/krankenhauspfarramt.de\/index.php\/wp-json\/wp\/v2\/media?parent=5627"}],"wp:term":[{"taxonomy":"category","embeddable":true,"href":"https:\/\/krankenhauspfarramt.de\/index.php\/wp-json\/wp\/v2\/categories?post=5627"},{"taxonomy":"post_tag","embeddable":true,"href":"https:\/\/krankenhauspfarramt.de\/index.php\/wp-json\/wp\/v2\/tags?post=5627"}],"curies":[{"name":"wp","href":"https:\/\/api.w.org\/{rel}","templated":true}]}}