{"id":5629,"date":"2023-05-05T19:24:14","date_gmt":"2023-05-05T19:24:14","guid":{"rendered":"https:\/\/krankenhauspfarramt.de\/index.php\/2023\/05\/05\/kirchentag-will-klimaschutz-vorreiter-fuer-grossevents-sein-ekd\/"},"modified":"2023-05-05T19:24:16","modified_gmt":"2023-05-05T19:24:16","slug":"kirchentag-will-klimaschutz-vorreiter-fuer-grossevents-sein-ekd","status":"publish","type":"post","link":"https:\/\/krankenhauspfarramt.de\/index.php\/2023\/05\/05\/kirchentag-will-klimaschutz-vorreiter-fuer-grossevents-sein-ekd\/","title":{"rendered":"Kirchentag will Klimaschutz-Vorreiter f\u00fcr Gro\u00dfevents sein \u2013 EKD"},"content":{"rendered":"<p> <br \/>\n<\/p>\n<div>\n<p>Das Thema Sch\u00f6pfungsverantwortung werde nicht nur im Programm in Foren, Workshops und Diskussionen ernst genommen, sondern auch bei der Verpflegung, der Mobilit\u00e4t, dem Wasserverbrauch und der Abfallbeseitigung, hie\u00df es. So legte Christof Hertel, Mitarbeiter f\u00fcr das Projekt \u201eLogMob\u201c dar, dass in den Bereichen Logistik und Mobilit\u00e4t 23 Prozent CO2-Emissionen eingespart werden sollen im Vergleich zum Durchschnittswert fr\u00fcherer Kirchentage. Man wolle einen neuen Standard f\u00fcr Gro\u00dfveranstaltungen setzen, sagte Hertel.<\/p>\n<p>Kirchentags-Umweltreferentin Jana Rottmann stellte das Gl\u00e4serne Restaurant vor, in dem t\u00e4glich 1.000 Mahlzeiten \u201eschonend f\u00fcr Umwelt und Mensch\u201c zubereitet werden sollen. Man werde zeigen, dass sich \u201eleckere Mahlzeiten und \u00f6kologisch sinnvolles Kochen nicht ausschlie\u00dfen\u201c.<\/p>\n<p>Im Programm spiegelt sich das Thema Verantwortung f\u00fcr die Sch\u00f6pfung ebenso wider: An einer Podiumsveranstaltung unter dem Motto \u201eWer hat\u2019s verbockt\u201c nehmen unter anderem Wirtschaftsminister Robert Habeck (B\u00fcndnis90\/Die Gr\u00fcnen), die Umweltaktivisten Carla Hinrichs und Manager Joe Kaeser teil.<\/p>\n<p>Beim N\u00fcrnberger Kirchentag vom 7. bis 11. Juni sind etwa 2.000 Veranstaltungen geplant. Wie viele Tausend Menschen erwartet werden, sei derzeit schwer einzusch\u00e4tzen, sagte Sprecherin Milena Vanini.<\/p>\n<p><strong>www.kirchentag.de<\/strong><\/p>\n<\/p><\/div>\n","protected":false},"excerpt":{"rendered":"<p>Das Thema Sch\u00f6pfungsverantwortung werde nicht nur im Programm in Foren, Workshops und Diskussionen ernst genommen, sondern auch bei der Verpflegung,<\/p>\n","protected":false},"author":1,"featured_media":5630,"comment_status":"closed","ping_status":"closed","sticky":false,"template":"","format":"standard","meta":{"footnotes":""},"categories":[20],"tags":[],"_links":{"self":[{"href":"https:\/\/krankenhauspfarramt.de\/index.php\/wp-json\/wp\/v2\/posts\/5629"}],"collection":[{"href":"https:\/\/krankenhauspfarramt.de\/index.php\/wp-json\/wp\/v2\/posts"}],"about":[{"href":"https:\/\/krankenhauspfarramt.de\/index.php\/wp-json\/wp\/v2\/types\/post"}],"author":[{"embeddable":true,"href":"https:\/\/krankenhauspfarramt.de\/index.php\/wp-json\/wp\/v2\/users\/1"}],"replies":[{"embeddable":true,"href":"https:\/\/krankenhauspfarramt.de\/index.php\/wp-json\/wp\/v2\/comments?post=5629"}],"version-history":[{"count":1,"href":"https:\/\/krankenhauspfarramt.de\/index.php\/wp-json\/wp\/v2\/posts\/5629\/revisions"}],"predecessor-version":[{"id":5631,"href":"https:\/\/krankenhauspfarramt.de\/index.php\/wp-json\/wp\/v2\/posts\/5629\/revisions\/5631"}],"wp:featuredmedia":[{"embeddable":true,"href":"https:\/\/krankenhauspfarramt.de\/index.php\/wp-json\/wp\/v2\/media\/5630"}],"wp:attachment":[{"href":"https:\/\/krankenhauspfarramt.de\/index.php\/wp-json\/wp\/v2\/media?parent=5629"}],"wp:term":[{"taxonomy":"category","embeddable":true,"href":"https:\/\/krankenhauspfarramt.de\/index.php\/wp-json\/wp\/v2\/categories?post=5629"},{"taxonomy":"post_tag","embeddable":true,"href":"https:\/\/krankenhauspfarramt.de\/index.php\/wp-json\/wp\/v2\/tags?post=5629"}],"curies":[{"name":"wp","href":"https:\/\/api.w.org\/{rel}","templated":true}]}}