{"id":5634,"date":"2023-05-08T08:48:34","date_gmt":"2023-05-08T08:48:34","guid":{"rendered":"https:\/\/krankenhauspfarramt.de\/index.php\/2023\/05\/08\/europaeischer-glockentag-in-koeln-ekd\/"},"modified":"2023-05-08T08:48:36","modified_gmt":"2023-05-08T08:48:36","slug":"europaeischer-glockentag-in-koeln-ekd","status":"publish","type":"post","link":"https:\/\/krankenhauspfarramt.de\/index.php\/2023\/05\/08\/europaeischer-glockentag-in-koeln-ekd\/","title":{"rendered":"Europ\u00e4ischer Glockentag in K\u00f6ln \u2013 EKD"},"content":{"rendered":"<p> <br \/>\n<\/p>\n<div id=\"\">\n<p>K\u00f6ln, Gescher (epd). Glockenexperten aus neun europ\u00e4ischen L\u00e4ndern treffen sich von Freitag bis Samstag zu einem Kongress in K\u00f6ln. Im Mittelpunkt der wissenschaftlichen Tagung steht der 100. Geburtstag der Petersglocke des K\u00f6lner Doms, wie das Deutsche Glockenmuseum in Gescher (Nordrhein-Westfalen) am Dienstag mitteilte. Aus Anlass des Gusses der mit einem \u201eC\u201c tontiefsten freischwingenden Glocke Deutschlands vor 100 Jahren im th\u00fcringischen Apolda findet in K\u00f6ln zudem vom 4. bis 7. Mai ein \u201eEurop\u00e4ischer Glockentag\u201c mit Ausstellungen, Konzerten, Gel\u00e4utevorf\u00fchrungen, Gottesdiensten und Turmbesteigungen statt.<\/p>\n<p>Die K\u00f6lner Petersglocke ist mit 24 Tonnen Gewicht und einem Durchmesser von 3,22 Meter die gr\u00f6\u00dfte Glocke im K\u00f6lner Domgel\u00e4ut und eine der gr\u00f6\u00dften, freischwingenden L\u00e4uteglocken Europas. Der \u201eDecke Pitter\u201c l\u00e4utet an den h\u00f6chsten christlichen Feiertagen, bei der Wahl oder dem Tod eines Papstes oder des K\u00f6lner Erzbischofs sowie zu besonderen historischen Anl\u00e4ssen.<\/p>\n<p>Das gesamte <strong>Programm<\/strong> des <strong>Europ\u00e4ischen Glockentages<\/strong> ist auf der Internetseite www.glockentag.eu zu finden.<\/p>\n<\/div>\n","protected":false},"excerpt":{"rendered":"<p>K\u00f6ln, Gescher (epd). Glockenexperten aus neun europ\u00e4ischen L\u00e4ndern treffen sich von Freitag bis Samstag zu einem Kongress in K\u00f6ln. Im<\/p>\n","protected":false},"author":1,"featured_media":5635,"comment_status":"closed","ping_status":"closed","sticky":false,"template":"","format":"standard","meta":{"footnotes":""},"categories":[20],"tags":[],"_links":{"self":[{"href":"https:\/\/krankenhauspfarramt.de\/index.php\/wp-json\/wp\/v2\/posts\/5634"}],"collection":[{"href":"https:\/\/krankenhauspfarramt.de\/index.php\/wp-json\/wp\/v2\/posts"}],"about":[{"href":"https:\/\/krankenhauspfarramt.de\/index.php\/wp-json\/wp\/v2\/types\/post"}],"author":[{"embeddable":true,"href":"https:\/\/krankenhauspfarramt.de\/index.php\/wp-json\/wp\/v2\/users\/1"}],"replies":[{"embeddable":true,"href":"https:\/\/krankenhauspfarramt.de\/index.php\/wp-json\/wp\/v2\/comments?post=5634"}],"version-history":[{"count":1,"href":"https:\/\/krankenhauspfarramt.de\/index.php\/wp-json\/wp\/v2\/posts\/5634\/revisions"}],"predecessor-version":[{"id":5636,"href":"https:\/\/krankenhauspfarramt.de\/index.php\/wp-json\/wp\/v2\/posts\/5634\/revisions\/5636"}],"wp:featuredmedia":[{"embeddable":true,"href":"https:\/\/krankenhauspfarramt.de\/index.php\/wp-json\/wp\/v2\/media\/5635"}],"wp:attachment":[{"href":"https:\/\/krankenhauspfarramt.de\/index.php\/wp-json\/wp\/v2\/media?parent=5634"}],"wp:term":[{"taxonomy":"category","embeddable":true,"href":"https:\/\/krankenhauspfarramt.de\/index.php\/wp-json\/wp\/v2\/categories?post=5634"},{"taxonomy":"post_tag","embeddable":true,"href":"https:\/\/krankenhauspfarramt.de\/index.php\/wp-json\/wp\/v2\/tags?post=5634"}],"curies":[{"name":"wp","href":"https:\/\/api.w.org\/{rel}","templated":true}]}}