{"id":5637,"date":"2023-05-09T09:20:05","date_gmt":"2023-05-09T09:20:05","guid":{"rendered":"https:\/\/krankenhauspfarramt.de\/index.php\/2023\/05\/09\/ekd-fluechtlingsbeauftragter-fordert-hilfe-fuer-kommunen-ekd\/"},"modified":"2023-05-09T09:20:07","modified_gmt":"2023-05-09T09:20:07","slug":"ekd-fluechtlingsbeauftragter-fordert-hilfe-fuer-kommunen-ekd","status":"publish","type":"post","link":"https:\/\/krankenhauspfarramt.de\/index.php\/2023\/05\/09\/ekd-fluechtlingsbeauftragter-fordert-hilfe-fuer-kommunen-ekd\/","title":{"rendered":"EKD-Fl\u00fcchtlingsbeauftragter fordert Hilfe f\u00fcr Kommunen \u2013 EKD"},"content":{"rendered":"<p> <br \/>\n<\/p>\n<div>\n<p>Zugleich d\u00fcrften jedoch nicht die Menschen f\u00fcr diese Herausforderungen verantwortlich gemacht werden, die vor Krieg, Not und Verfolgung fliehen, sagte St\u00e4blein: \u201eDurch sie werden nur die Probleme sichtbar, die schon lange da sind.\u201c Er erhoffe sich von dem Bund-L\u00e4nder-Treffen \u201eklare Worte des Kanzlers\u201c, sagte der EKD-Fl\u00fcchtlingsbeauftragte: \u201eUnd ein Machen dessen, was ansteht.\u201c<\/p>\n<p>Bei den Herausforderungen in den Kommunen sei zugleich ein differenzierter Blick n\u00f6tig, sagte St\u00e4blein: \u201eNicht alle Kommunen sind gleicherma\u00dfen \u00fcberfordert.\u201c Kurzfristig seien \u201ekreative, unb\u00fcrokratische Ideen in Politik und Verwaltung gefragt\u201c. Dazu sollte auch die M\u00f6glichkeit geh\u00f6ren, w\u00e4hrend des Asylverfahrens privat unterzukommen.<\/p>\n<p>Vorschl\u00e4gen f\u00fcr Asylverfahren au\u00dferhalb der EU erteilte der Bischof eine Absage. \u201eSolche Ideen sind gef\u00e4hrlich und verdienen die Bezeichnung &#8218;Asylverfahren&#8216; nicht\u201c, sagte St\u00e4blein: \u201eEs ist menschenverachtend, Unschuldige in Lagern zu inhaftieren oder andere Staaten f\u00fcr die Abwehr von Fl\u00fcchtlingen zu bezahlen.\u201c Die eigene staatliche Verantwortung d\u00fcrfe nicht einfach ausgelagert werden. \u201eWir sollten unsere Menschlichkeit nicht delegieren wollen\u201c, betonte der EKD-Fl\u00fcchtlingsbeauftragte: \u201eSolche Ans\u00e4tze verl\u00e4ngern nur das Leid von Menschen oder verschlimmern es gar.\u201c<\/p>\n<p>Auch eine Erweiterung der Liste sicherer Herkunftsstaaten, sei nicht akzeptabel, sagte St\u00e4blein: \u201eOb deutsche Politik gef\u00e4hrliche Herkunftsstaaten auf dem Papier f\u00fcr sicher erkl\u00e4rt, \u00e4ndert ja nichts an den tats\u00e4chlichen Verh\u00e4ltnissen.\u201c Es sei problematisch, dass das Schutzgesuch von Menschen aus diesen L\u00e4ndern dann nur noch kurz und oberfl\u00e4chlich gepr\u00fcft werde.<\/p>\n<\/p><\/div>\n","protected":false},"excerpt":{"rendered":"<p>Zugleich d\u00fcrften jedoch nicht die Menschen f\u00fcr diese Herausforderungen verantwortlich gemacht werden, die vor Krieg, Not und Verfolgung fliehen, sagte<\/p>\n","protected":false},"author":1,"featured_media":5638,"comment_status":"closed","ping_status":"closed","sticky":false,"template":"","format":"standard","meta":{"footnotes":""},"categories":[20],"tags":[],"_links":{"self":[{"href":"https:\/\/krankenhauspfarramt.de\/index.php\/wp-json\/wp\/v2\/posts\/5637"}],"collection":[{"href":"https:\/\/krankenhauspfarramt.de\/index.php\/wp-json\/wp\/v2\/posts"}],"about":[{"href":"https:\/\/krankenhauspfarramt.de\/index.php\/wp-json\/wp\/v2\/types\/post"}],"author":[{"embeddable":true,"href":"https:\/\/krankenhauspfarramt.de\/index.php\/wp-json\/wp\/v2\/users\/1"}],"replies":[{"embeddable":true,"href":"https:\/\/krankenhauspfarramt.de\/index.php\/wp-json\/wp\/v2\/comments?post=5637"}],"version-history":[{"count":1,"href":"https:\/\/krankenhauspfarramt.de\/index.php\/wp-json\/wp\/v2\/posts\/5637\/revisions"}],"predecessor-version":[{"id":5639,"href":"https:\/\/krankenhauspfarramt.de\/index.php\/wp-json\/wp\/v2\/posts\/5637\/revisions\/5639"}],"wp:featuredmedia":[{"embeddable":true,"href":"https:\/\/krankenhauspfarramt.de\/index.php\/wp-json\/wp\/v2\/media\/5638"}],"wp:attachment":[{"href":"https:\/\/krankenhauspfarramt.de\/index.php\/wp-json\/wp\/v2\/media?parent=5637"}],"wp:term":[{"taxonomy":"category","embeddable":true,"href":"https:\/\/krankenhauspfarramt.de\/index.php\/wp-json\/wp\/v2\/categories?post=5637"},{"taxonomy":"post_tag","embeddable":true,"href":"https:\/\/krankenhauspfarramt.de\/index.php\/wp-json\/wp\/v2\/tags?post=5637"}],"curies":[{"name":"wp","href":"https:\/\/api.w.org\/{rel}","templated":true}]}}