{"id":5640,"date":"2023-05-09T16:25:33","date_gmt":"2023-05-09T16:25:33","guid":{"rendered":"https:\/\/krankenhauspfarramt.de\/index.php\/2023\/05\/09\/loesungsvorschlaege-angehen-nicht-fluechtlinge-zu-schuldigen-machen-ekd\/"},"modified":"2023-05-09T16:25:34","modified_gmt":"2023-05-09T16:25:34","slug":"loesungsvorschlaege-angehen-nicht-fluechtlinge-zu-schuldigen-machen-ekd","status":"publish","type":"post","link":"https:\/\/krankenhauspfarramt.de\/index.php\/2023\/05\/09\/loesungsvorschlaege-angehen-nicht-fluechtlinge-zu-schuldigen-machen-ekd\/","title":{"rendered":"\u201eL\u00f6sungsvorschl\u00e4ge angehen, nicht Fl\u00fcchtlinge zu Schuldigen machen\u201c \u2013 EKD"},"content":{"rendered":"<p> <br \/>\n<\/p>\n<div id=\"\">\n<div class=\"article--meta article--meta__border clearfix\">\n<p>                                    <time datetime=\"09.05.2023 14:00\" class=\"article--time\">09.05.2023<\/time><\/p>\n<p>                                     <strong class=\"article--type primus--overline\">Pressemitteilung<\/strong><\/p>\n<picture class=\"article--source-image image\"><source srcset=\"https:\/\/www.ekd.de\/ekd_de\/ds_img\/assets\/20170622_ekd-Quellenlogo_141_rdax_423x118.png\"><!--<source srcset=\"\/ekd_de\/ds_img\/assets\/20170622_ekd-Quellenlogo_141_rdax_141x39.png 1x, \/ekd_de\/ds_img\/assets\/20170622_ekd-Quellenlogo_141_rdax_282x78.png 2x, https:\/\/www.ekd.de\/ekd_de\/ds_img\/assets\/20170622_ekd-Quellenlogo_141_rdax_423x118.png 3x\">--><\/p>\n<p>    <\/source><\/picture>\n<\/p><\/div>\n<h2 class=\"article--sub-headline primus--sub-headline\">EKD-Fl\u00fcchtlingsbischof zum Fl\u00fcchtlingsgipfel im Kanzleramt <\/h2>\n<\/p><\/div>\n<div id=\"\">\n<p>\u201eDer Fl\u00fcchtlingsgipfel sollte der Startpunkt sein, gute Lebensbedingungen f\u00fcr alle Menschen in unserem Land zu schaffen \u2013 auch f\u00fcr Schutzsuchende\u201c sagt Christian St\u00e4blein, Bischof der Evangelischen Kirche Berlin-Brandenburg-schlesische Oberlausitz (EKBO) und EKD-Beauftragter f\u00fcr Fl\u00fcchtlingsfragen, anl\u00e4sslich des Spitzengespr\u00e4chs am 10. Mai zwischen Bund und L\u00e4ndern. \u201eVergessen wir nicht: Die Menschen, die zu uns kommen, tragen keine Schuld daran, dass sie fliehen mussten. Sie k\u00f6nnen nichts daf\u00fcr, dass unsere Kitas schon lange voll sind, dass es vielerorts Lehrer- und Wohnungsmangel gibt und manche Kommunen wirtschaftlich schlechter dastehen als andere.\u201c Schutzsuchende, die vor Krieg, Not und Verfolgung fliehen, seien nicht daf\u00fcr verantwortlich zu machen; durch sie w\u00fcrden bestehende Probleme nur sichtbarer. \u201eDie Aufgabe von Politik muss sein, L\u00f6sungsvorschl\u00e4ge zu machen, Rahmenbedingungen zu verbessern, und nicht Fl\u00fcchtlinge zu Schuldigen zu machen. Darum muss es jetzt gehen. Und dann das zu machen, was ansteht. Dahingehend erhoffe ich mir vom Gipfel klare Worte des Kanzlers.\u201c<\/p>\n<p>Der Fl\u00fcchtlingsgipfel sei eine Chance, die Abl\u00e4ufe zwischen Bund, L\u00e4ndern und Kommunen so zu gestalten, dass faire, nachhaltige und menschenw\u00fcrdige Unterbringungs- und Lebensinfrastruktur f\u00fcr alle geschaffen werde. Daf\u00fcr brauche es viele gesellschaftliche Akteure: \u201eBei der Aufnahme der ukrainischen Kriegsfl\u00fcchtlinge haben wir als ganze Gesellschaft gezeigt, was gemeinsam geht. Als Kirchen sind wir zur Stelle, wenn es um Solidarit\u00e4t und gesellschaftlichen Zusammenhalt geht \u2013 gerade auch im Miteinander mit Politik, mit Ehrenamtlichen, mit anderen Akteuren.\u201c<\/p>\n<p>Unverantwortlich dagegen seien Scharfmacherei und Schuldzuweisungen gegen\u00fcber Gefl\u00fcchteten, ebenso wie jede Politik, die auf Entrechtung, menschenunw\u00fcrdige Unterk\u00fcnfte oder Abschiebungen setze: \u201eGefl\u00fcchtete sind Menschen wie du und ich. Menschen, die wie wir alle Kinder Gottes sind. Menschen, die durch Krieg und Verfolgung zur Flucht gezwungen wurden. Oder Menschen, die aufgebrochen sind, um Arbeit, Ausbildung und ein besseres Leben zu finden. Ob aus Not oder Hoffnung heraus: In meinen zahlreichen Begegnungen mit Gefl\u00fcchteten oder Migrantinnen und Migranten, beeindrucken mich immer wieder ihre innere St\u00e4rke und ihr Lebensmut. Je offener wir Zugewanderte aufnehmen, desto besser ist es f\u00fcr uns als Gesellschaft insgesamt.\u201c<\/p>\n<p>Hannover, 9.Mai 2023<\/p>\n<p>Pressestelle der EKD<br \/>Carsten Splitt<br \/>\u00a0<\/p>\n<\/div>\n","protected":false},"excerpt":{"rendered":"<p>09.05.2023 Pressemitteilung EKD-Fl\u00fcchtlingsbischof zum Fl\u00fcchtlingsgipfel im Kanzleramt \u201eDer Fl\u00fcchtlingsgipfel sollte der Startpunkt sein, gute Lebensbedingungen f\u00fcr alle Menschen in unserem<\/p>\n","protected":false},"author":1,"featured_media":569,"comment_status":"closed","ping_status":"closed","sticky":false,"template":"","format":"standard","meta":{"footnotes":""},"categories":[20],"tags":[],"_links":{"self":[{"href":"https:\/\/krankenhauspfarramt.de\/index.php\/wp-json\/wp\/v2\/posts\/5640"}],"collection":[{"href":"https:\/\/krankenhauspfarramt.de\/index.php\/wp-json\/wp\/v2\/posts"}],"about":[{"href":"https:\/\/krankenhauspfarramt.de\/index.php\/wp-json\/wp\/v2\/types\/post"}],"author":[{"embeddable":true,"href":"https:\/\/krankenhauspfarramt.de\/index.php\/wp-json\/wp\/v2\/users\/1"}],"replies":[{"embeddable":true,"href":"https:\/\/krankenhauspfarramt.de\/index.php\/wp-json\/wp\/v2\/comments?post=5640"}],"version-history":[{"count":1,"href":"https:\/\/krankenhauspfarramt.de\/index.php\/wp-json\/wp\/v2\/posts\/5640\/revisions"}],"predecessor-version":[{"id":5641,"href":"https:\/\/krankenhauspfarramt.de\/index.php\/wp-json\/wp\/v2\/posts\/5640\/revisions\/5641"}],"wp:featuredmedia":[{"embeddable":true,"href":"https:\/\/krankenhauspfarramt.de\/index.php\/wp-json\/wp\/v2\/media\/569"}],"wp:attachment":[{"href":"https:\/\/krankenhauspfarramt.de\/index.php\/wp-json\/wp\/v2\/media?parent=5640"}],"wp:term":[{"taxonomy":"category","embeddable":true,"href":"https:\/\/krankenhauspfarramt.de\/index.php\/wp-json\/wp\/v2\/categories?post=5640"},{"taxonomy":"post_tag","embeddable":true,"href":"https:\/\/krankenhauspfarramt.de\/index.php\/wp-json\/wp\/v2\/tags?post=5640"}],"curies":[{"name":"wp","href":"https:\/\/api.w.org\/{rel}","templated":true}]}}