{"id":5680,"date":"2023-05-25T08:18:50","date_gmt":"2023-05-25T08:18:50","guid":{"rendered":"https:\/\/krankenhauspfarramt.de\/index.php\/2023\/05\/25\/ekd-ratsvorsitzende-warnt-vor-wahrheitswut-und-fanatischem-fundamentalismus-ekd\/"},"modified":"2023-05-25T08:18:51","modified_gmt":"2023-05-25T08:18:51","slug":"ekd-ratsvorsitzende-warnt-vor-wahrheitswut-und-fanatischem-fundamentalismus-ekd","status":"publish","type":"post","link":"https:\/\/krankenhauspfarramt.de\/index.php\/2023\/05\/25\/ekd-ratsvorsitzende-warnt-vor-wahrheitswut-und-fanatischem-fundamentalismus-ekd\/","title":{"rendered":"EKD-Ratsvorsitzende warnt vor Wahrheitswut und fanatischem Fundamentalismus \u2013 EKD"},"content":{"rendered":"<p> <br \/>\n<\/p>\n<div id=\"\">\n<div class=\"article--meta article--meta__border clearfix\">\n<p>                                    <time datetime=\"25.05.2023 09:50\" class=\"article--time\">25.05.2023<\/time><\/p>\n<p>                                     <strong class=\"article--type primus--overline\">Pressemitteilung<\/strong><\/p>\n<picture class=\"article--source-image image\"><source srcset=\"https:\/\/www.ekd.de\/ekd_de\/ds_img\/assets\/20170622_ekd-Quellenlogo_141_rdax_423x118.png\"><!--<source srcset=\"\/ekd_de\/ds_img\/assets\/20170622_ekd-Quellenlogo_141_rdax_141x39.png 1x, \/ekd_de\/ds_img\/assets\/20170622_ekd-Quellenlogo_141_rdax_282x78.png 2x, https:\/\/www.ekd.de\/ekd_de\/ds_img\/assets\/20170622_ekd-Quellenlogo_141_rdax_423x118.png 3x\">--><\/p>\n<p>    <\/source><\/picture>\n<\/p><\/div>\n<h2 class=\"article--sub-headline primus--sub-headline\">Annette Kurschus erinnert zu Pfingsten an ein h\u00e4ufig verkanntes Gottesgeschenk: den \u201eGeist der Wahrheit\u201c<\/h2>\n<\/p><\/div>\n<div id=\"\">\n<p>Zu Pfingsten erinnert die Ratsvorsitzende der Evangelischen Kirche in Deutschland (EKD), Annette Kurschus, daran, dass es keine Wahrheit ohne Liebe gibt: \u201eLieblose Wahrheit ist Rechthaberei, schlimmstenfalls wird sie zu fanatischem Fundamentalismus\u201c, so Kurschus in ihrer Pfingstbotschaft.<\/p>\n<p class=\"EKDAdressdaten\">In Zeiten von Fakenews und Propaganda im Kriegsgeschehen habe die L\u00fcge Hochkonjunktur. \u201eFalschnachrichten werden gen\u00fcsslich verbreitet. So manches Ger\u00fccht mutiert unversehens zur festen \u00dcberzeugung. Eine L\u00fcge muss m\u00f6glichst frech sein, dann gewinnt sie fanatisch \u00fcberzeugte Leute, die ganze Stadien f\u00fcllen.\u201c Demgegen\u00fcber stehe zugleich aber auch eine \u201ebe\u00e4ngstigend autorit\u00e4re Wahrheitswut\u201c, so Kurschus. \u201eStatt unterschiedliche Meinungen auszutauschen, haut man dem anderen die Wahrheit um die Ohren.\u201c<\/p>\n<p>In der biblischen Pfingstgeschichte aus der Apostelgeschichte (Kapitel 2, Verse 1 bis 13), an die Christinnen und Christen am Sonntag und Montag in zahlreichen Gottesdiensten erinnern, wirke dagegen ein \u201eGeist der Wahrheit\u201c. \u201ePfingsten muss ohne Christkind und Krippe auskommen, ohne Osterkerze und Ostereier, ohne Geschenke. Pfingsten hat nur den Heiligen Geist. Jesus nennt ihn den \u201aGeist der Wahrheit\u2018.\u201c Dieser Geist k\u00f6nnte gegenw\u00e4rtig ein kostbares Geschenk sein, der nicht nach richtig oder falsch trenne, sondern Menschen unterschiedlicher Nationalit\u00e4ten, Religionen und Generationen miteinander verbindet. \u201eDas ist ein Gottesgeschenk: Wenn ich so rede, dass, wer mich h\u00f6rt, empfindet: \u201aDie spricht meine Sprache\u2018, \u201aDie trifft mich ins Herz\u2018. Solche Wahrheit ist nicht unfehlbar und nicht irrtumsfrei. Im Gegenteil. Wer im Geist der Wahrheit redet, wird Irrt\u00fcmer und Fehler zulassen,\u201c so die Ratsvorsitzende. \u201eEs gibt keine Wahrheit ohne Liebe. Wenn Wahrheit t\u00f6tet, dann ist sie keine. Jesus hat gesagt: \u201eDie Wahrheit wird euch frei machen.\u201c<\/p>\n<p class=\"EKDAdressdaten\">Pfingsten ist das \u201eFest des Heiligen Geistes\u201c und nach Weihnachten und Ostern das dritte Hauptfest des Kirchenjahres. In diesem Jahr wird Pfingsten am 28.\/29.\u00a0Mai gefeiert. Der Name geht auf das griechische Wort \u201epentekoste\u201c (der f\u00fcnfzigste) zur\u00fcck, weil das Pfingstfest seit Ende des vierten Jahrhunderts 50 Tage nach Ostern gefeiert wird. In Erinnerung an die Ausgie\u00dfung des Heiligen Geistes wird Pfingsten auch als \u201eGeburtstag der Kirche\u201c und Beginn der weltweiten Mission verstanden.<\/p>\n<p class=\"EKDAdressdaten\">Weitere Informationen zum christlichen Pfingstfest unter www.ekd.de\/Pfingsten.<\/p>\n<p class=\"EKDAdressdaten\">Hannover, 25. Mai 2023<\/p>\n<p class=\"EKDFlietext\">Pressestelle der EKD<br \/>Carsten Splitt<\/p>\n<\/div>\n","protected":false},"excerpt":{"rendered":"<p>25.05.2023 Pressemitteilung Annette Kurschus erinnert zu Pfingsten an ein h\u00e4ufig verkanntes Gottesgeschenk: den \u201eGeist der Wahrheit\u201c Zu Pfingsten erinnert die<\/p>\n","protected":false},"author":1,"featured_media":5406,"comment_status":"closed","ping_status":"closed","sticky":false,"template":"","format":"standard","meta":{"footnotes":""},"categories":[20],"tags":[],"_links":{"self":[{"href":"https:\/\/krankenhauspfarramt.de\/index.php\/wp-json\/wp\/v2\/posts\/5680"}],"collection":[{"href":"https:\/\/krankenhauspfarramt.de\/index.php\/wp-json\/wp\/v2\/posts"}],"about":[{"href":"https:\/\/krankenhauspfarramt.de\/index.php\/wp-json\/wp\/v2\/types\/post"}],"author":[{"embeddable":true,"href":"https:\/\/krankenhauspfarramt.de\/index.php\/wp-json\/wp\/v2\/users\/1"}],"replies":[{"embeddable":true,"href":"https:\/\/krankenhauspfarramt.de\/index.php\/wp-json\/wp\/v2\/comments?post=5680"}],"version-history":[{"count":1,"href":"https:\/\/krankenhauspfarramt.de\/index.php\/wp-json\/wp\/v2\/posts\/5680\/revisions"}],"predecessor-version":[{"id":5681,"href":"https:\/\/krankenhauspfarramt.de\/index.php\/wp-json\/wp\/v2\/posts\/5680\/revisions\/5681"}],"wp:featuredmedia":[{"embeddable":true,"href":"https:\/\/krankenhauspfarramt.de\/index.php\/wp-json\/wp\/v2\/media\/5406"}],"wp:attachment":[{"href":"https:\/\/krankenhauspfarramt.de\/index.php\/wp-json\/wp\/v2\/media?parent=5680"}],"wp:term":[{"taxonomy":"category","embeddable":true,"href":"https:\/\/krankenhauspfarramt.de\/index.php\/wp-json\/wp\/v2\/categories?post=5680"},{"taxonomy":"post_tag","embeddable":true,"href":"https:\/\/krankenhauspfarramt.de\/index.php\/wp-json\/wp\/v2\/tags?post=5680"}],"curies":[{"name":"wp","href":"https:\/\/api.w.org\/{rel}","templated":true}]}}