{"id":5682,"date":"2023-05-25T11:48:59","date_gmt":"2023-05-25T11:48:59","guid":{"rendered":"https:\/\/krankenhauspfarramt.de\/index.php\/2023\/05\/25\/lieblose-wahrheit-ist-rechthaberei-ekd\/"},"modified":"2023-05-25T11:49:01","modified_gmt":"2023-05-25T11:49:01","slug":"lieblose-wahrheit-ist-rechthaberei-ekd","status":"publish","type":"post","link":"https:\/\/krankenhauspfarramt.de\/index.php\/2023\/05\/25\/lieblose-wahrheit-ist-rechthaberei-ekd\/","title":{"rendered":"Lieblose Wahrheit ist Rechthaberei \u2013 EKD"},"content":{"rendered":"<p> <br \/>\n<\/p>\n<div>\n<p>Zugleich beobachte sie eine \u201ebe\u00e4ngstigend autorit\u00e4re Wahrheitswut\u201c, erkl\u00e4rte Kurschus. Viele vertr\u00e4ten ihre Wahrheit absolut, anstatt unterschiedliche Meinungen auszutauschen. Es gebe keine Wahrheit ohne Liebe, sagte die EKD-Ratsvorsitzende: \u201eLieblose Wahrheit ist Rechthaberei, schlimmstenfalls wird sie zu fanatischem Fundamentalismus.\u201c In der biblischen Pfingstgeschichte wirke hingegen ein \u201eGeist der Wahrheit\u201c. Dieser Geist k\u00f6nne gegenw\u00e4rtig ein kostbares Geschenk sein, der nicht nach richtig oder falsch trenne, sondern Menschen unterschiedlicher Nationalit\u00e4ten, Religionen und Generationen miteinander verbinde.<\/p>\n<p>Bereits am Mittwoch hatte der Leitende Bischof der Vereinigten Evangelisch-Lutherischen Kirche Deutschlands (VELKD), Ralf Meister, das Pfingstfest als Symbol des Wandels und der Mitmenschlichkeit bezeichnet. An Pfingsten erf\u00fchren die Menschen, \u201edass sie Menschen, die weit entfernt sind, verstehen und in ihrem Leid ernst nehmen &#8211; so wie uns heute der Krieg in der Ukraine immer wieder unter die Haut geht\u201c, erkl\u00e4rte Meister, der auch hannoverscher Landesbischof ist. Pfingsten sei ein Tag, an dem die Menschen \u00fcberaus gl\u00fccklich sind. \u201eSie erfahren auch: Das Gl\u00fcck der anderen ist auch unser Gl\u00fcck.\u201c Deshalb sei Pfingsten ein Fest der Menschengemeinschaft.<\/p>\n<p>Pfingsten ist nach Ostern und Weihnachten das dritte gro\u00dfe Fest im Kirchenjahr. Pfingstsonntag ist in diesem Jahr am 28. Mai. In Erinnerung an die in der Bibel geschilderte Ausgie\u00dfung des Heiligen Geistes auf die Menschen wird Pfingsten auch als \u201eGeburtstag der Kirche\u201c verstanden. In vielen Gemeinden werden an Pfingsten Gottesdienste unter freiem Himmel gefeiert.<\/p>\n<\/p><\/div>\n","protected":false},"excerpt":{"rendered":"<p>Zugleich beobachte sie eine \u201ebe\u00e4ngstigend autorit\u00e4re Wahrheitswut\u201c, erkl\u00e4rte Kurschus. Viele vertr\u00e4ten ihre Wahrheit absolut, anstatt unterschiedliche Meinungen auszutauschen. Es gebe<\/p>\n","protected":false},"author":1,"featured_media":5683,"comment_status":"closed","ping_status":"closed","sticky":false,"template":"","format":"standard","meta":{"footnotes":""},"categories":[20],"tags":[],"_links":{"self":[{"href":"https:\/\/krankenhauspfarramt.de\/index.php\/wp-json\/wp\/v2\/posts\/5682"}],"collection":[{"href":"https:\/\/krankenhauspfarramt.de\/index.php\/wp-json\/wp\/v2\/posts"}],"about":[{"href":"https:\/\/krankenhauspfarramt.de\/index.php\/wp-json\/wp\/v2\/types\/post"}],"author":[{"embeddable":true,"href":"https:\/\/krankenhauspfarramt.de\/index.php\/wp-json\/wp\/v2\/users\/1"}],"replies":[{"embeddable":true,"href":"https:\/\/krankenhauspfarramt.de\/index.php\/wp-json\/wp\/v2\/comments?post=5682"}],"version-history":[{"count":1,"href":"https:\/\/krankenhauspfarramt.de\/index.php\/wp-json\/wp\/v2\/posts\/5682\/revisions"}],"predecessor-version":[{"id":5684,"href":"https:\/\/krankenhauspfarramt.de\/index.php\/wp-json\/wp\/v2\/posts\/5682\/revisions\/5684"}],"wp:featuredmedia":[{"embeddable":true,"href":"https:\/\/krankenhauspfarramt.de\/index.php\/wp-json\/wp\/v2\/media\/5683"}],"wp:attachment":[{"href":"https:\/\/krankenhauspfarramt.de\/index.php\/wp-json\/wp\/v2\/media?parent=5682"}],"wp:term":[{"taxonomy":"category","embeddable":true,"href":"https:\/\/krankenhauspfarramt.de\/index.php\/wp-json\/wp\/v2\/categories?post=5682"},{"taxonomy":"post_tag","embeddable":true,"href":"https:\/\/krankenhauspfarramt.de\/index.php\/wp-json\/wp\/v2\/tags?post=5682"}],"curies":[{"name":"wp","href":"https:\/\/api.w.org\/{rel}","templated":true}]}}