{"id":5687,"date":"2023-05-30T12:11:42","date_gmt":"2023-05-30T12:11:42","guid":{"rendered":"https:\/\/krankenhauspfarramt.de\/index.php\/2023\/05\/30\/hoehepunkte-des-kirchentags-ekd\/"},"modified":"2023-05-30T12:11:43","modified_gmt":"2023-05-30T12:11:43","slug":"hoehepunkte-des-kirchentags-ekd","status":"publish","type":"post","link":"https:\/\/krankenhauspfarramt.de\/index.php\/2023\/05\/30\/hoehepunkte-des-kirchentags-ekd\/","title":{"rendered":"H\u00f6hepunkte des Kirchentags \u2013 EKD"},"content":{"rendered":"<p> <br \/>\n<\/p>\n<div>\n<p>Zum Kirchentag in N\u00fcrnberg haben sich viele <strong>Prominente angek\u00fcndigt<\/strong>. Neben<strong> Bundespr\u00e4sident Frank-Walter Steinmeier<\/strong> kommen <strong>Bundeskanzler Olaf Scholz<\/strong> (SPD), <strong>CDU-Chef Friedrich Merz<\/strong>, der Kabarettist <strong>Eckart von Hirschhausen<\/strong> und der bayerische <strong>Ministerpr\u00e4sident Markus S\u00f6der <\/strong>(CSU). Auf dem Hauptpodium in der Frankenhalle diskutiert der Kirchentagspr\u00e4sident und ehemalige Bundesinnenminister <strong>Thomas de Maizi\u00e8re<\/strong> (CDU) mit <strong>Bundeswehr-Generalinspekteur Carsten Breuer<\/strong>, <strong>Wirtschaftsstaatssekret\u00e4r Sven Giegold<\/strong> (Gr\u00fcne) und dem <strong>Friedensbeauftragten der Evangelischen Kirche in Deutschland (EKD), Friedrich Kramer<\/strong>, \u00fcber Grenzverschiebungen in der Friedensethik.<\/p>\n<p>Zum Start in den Tag l\u00e4dt der Kirchentag traditionell zu Bibelarbeiten ein. In N\u00fcrnberg deuten unter anderen die mecklenburg-vorpommersche <strong>Ministerpr\u00e4sidentin Manuela Schwesig<\/strong> (SPD), der <strong>Schauspieler und Autor Samuel Koch<\/strong>, die <strong>EKD-Ratsvorsitzende Annette Kurschus<\/strong> sowie die <strong>Bundestags-Vizepr\u00e4sidentin Katrin G\u00f6ring-Eckardt <\/strong>(Gr\u00fcne) ausgesuchte Passagen aus der Heiligen Schrift. Auch der CDU-Vorsitzende Merz wird eine Bibelarbeit anleiten.<\/p>\n<p>Musik und Feiern sind bei jedem Kirchentag zentrale Bestandteile, oft spontan in Bahnen und Bussen oder auf offener Stra\u00dfe. F\u00fcr einen Teil der Besucher sind abendliche Gro\u00dfkonzerte ein Anziehungspunkt. In N\u00fcrnberg werden neben anderen das Bundesjazzorchester sowie Malik Harris auftreten. Am Samstagabend ist das Kyiv Symphony Orchestra zu Gast beim Kirchentag.<\/p>\n<p>Die Funktionen der Kirchentags-App, die bereits beim 37. Kirchentag in Dortmund im Einsatz war, wurden f\u00fcr N\u00fcrnberg deutlich erweitert: Die App beinhaltet nun auch digitale Tickets, ist Programmheft, Stadtplan und Navigator in einem und erm\u00f6glicht eine digitale Beteiligung des Publikums.<\/p>\n<\/p><\/div>\n","protected":false},"excerpt":{"rendered":"<p>Zum Kirchentag in N\u00fcrnberg haben sich viele Prominente angek\u00fcndigt. Neben Bundespr\u00e4sident Frank-Walter Steinmeier kommen Bundeskanzler Olaf Scholz (SPD), CDU-Chef Friedrich<\/p>\n","protected":false},"author":1,"featured_media":5688,"comment_status":"closed","ping_status":"closed","sticky":false,"template":"","format":"standard","meta":{"footnotes":""},"categories":[20],"tags":[],"_links":{"self":[{"href":"https:\/\/krankenhauspfarramt.de\/index.php\/wp-json\/wp\/v2\/posts\/5687"}],"collection":[{"href":"https:\/\/krankenhauspfarramt.de\/index.php\/wp-json\/wp\/v2\/posts"}],"about":[{"href":"https:\/\/krankenhauspfarramt.de\/index.php\/wp-json\/wp\/v2\/types\/post"}],"author":[{"embeddable":true,"href":"https:\/\/krankenhauspfarramt.de\/index.php\/wp-json\/wp\/v2\/users\/1"}],"replies":[{"embeddable":true,"href":"https:\/\/krankenhauspfarramt.de\/index.php\/wp-json\/wp\/v2\/comments?post=5687"}],"version-history":[{"count":1,"href":"https:\/\/krankenhauspfarramt.de\/index.php\/wp-json\/wp\/v2\/posts\/5687\/revisions"}],"predecessor-version":[{"id":5689,"href":"https:\/\/krankenhauspfarramt.de\/index.php\/wp-json\/wp\/v2\/posts\/5687\/revisions\/5689"}],"wp:featuredmedia":[{"embeddable":true,"href":"https:\/\/krankenhauspfarramt.de\/index.php\/wp-json\/wp\/v2\/media\/5688"}],"wp:attachment":[{"href":"https:\/\/krankenhauspfarramt.de\/index.php\/wp-json\/wp\/v2\/media?parent=5687"}],"wp:term":[{"taxonomy":"category","embeddable":true,"href":"https:\/\/krankenhauspfarramt.de\/index.php\/wp-json\/wp\/v2\/categories?post=5687"},{"taxonomy":"post_tag","embeddable":true,"href":"https:\/\/krankenhauspfarramt.de\/index.php\/wp-json\/wp\/v2\/tags?post=5687"}],"curies":[{"name":"wp","href":"https:\/\/api.w.org\/{rel}","templated":true}]}}