{"id":5690,"date":"2023-05-31T16:22:25","date_gmt":"2023-05-31T16:22:25","guid":{"rendered":"https:\/\/krankenhauspfarramt.de\/index.php\/2023\/05\/31\/26-05-2023-gottes-geist-veraendert-und-verbindet-wort-der-vier-kirchen-in-baden-wuerttemberg-zu-pfingsten-2023\/"},"modified":"2023-05-31T16:22:25","modified_gmt":"2023-05-31T16:22:25","slug":"26-05-2023-gottes-geist-veraendert-und-verbindet-wort-der-vier-kirchen-in-baden-wuerttemberg-zu-pfingsten-2023","status":"publish","type":"post","link":"https:\/\/krankenhauspfarramt.de\/index.php\/2023\/05\/31\/26-05-2023-gottes-geist-veraendert-und-verbindet-wort-der-vier-kirchen-in-baden-wuerttemberg-zu-pfingsten-2023\/","title":{"rendered":"26.05.2023 \u201eGottes Geist ver\u00e4ndert und verbindet\u201c-Wort der vier Kirchen in Baden-W\u00fcrttemberg zu Pfingsten 2023"},"content":{"rendered":"<p><img decoding=\"async\" src=\"https:\/\/www.elk-wue.de\/\" \/><\/p>\n<div id=\"c43229\">\n<header>\n<h2 class=\"b_is-headline\">\u201eGottes Geist ver\u00e4ndert und verbindet\u201c &#8211; Wort der vier Kirchen in Baden-W\u00fcrttemberg zu Pfingsten 2023<\/h2>\n<\/header>\n<p>Freiburg \/ Karlsruhe \/ Rottenburg \/ Stuttgart. Zum bevorstehenden Pfingstfest haben die Bisch\u00f6fin und die Bisch\u00f6fe der vier gro\u00dfen Kirchen in Baden-W\u00fcrttemberg an die Kraft des g\u00f6ttlichen Geistes erinnert. \u201eDie ver\u00e4ndernde Bewegung und die verbindende Kraft von Gottes Geist in unsere Gesellschaft einzubringen, verstehen die Kirchen in Baden-W\u00fcrttemberg als ihren Auftrag\u201c, hei\u00dft es in dem gemeinsamen Wort von Erzbischof Stephan Burger (Freiburg), Landesbisch\u00f6fin Heike Springhart (Karlsruhe), Bischof Gebhard F\u00fcrst (Rottenburg) und Landesbischof Ernst-Wilhelm Gohl (Stuttgart).<\/p>\n<p>Lesen Sie hier das Wort der vier Kirchen im Wortlaut:<\/p>\n<p>&#8222;An Pfingsten feiern Christinnen und Christen, dass Gottes Geist die Kirche und die Welt in Bewegung setzt und ver\u00e4ndert. Pfingsten ist die Geburtsstunde der weltweiten christlichen Verbundenheit. Gottes Geist l\u00e4sst uns erkennen: Auch wenn wir verschieden sind, verschiedene Sprachen sprechen, aus unterschiedlichen Kulturen kommen, auch wenn uns jeweils anderes wichtig ist. Gottes Geist verbindet &#8211; wir m\u00fcssen nicht alle gleich werden.\u00a0<\/p>\n<p>Die ver\u00e4ndernde Bewegung und die verbindende Kraft von Gottes Geist in unsere Gesellschaft einzubringen, verstehen die Kirchen in Baden-W\u00fcrttemberg als ihren Auftrag.<\/p>\n<p>Als Menschen verbunden zu sein, wird in der Bibel am Bild eines K\u00f6rpers veranschaulicht: Leidet ein Teil des K\u00f6rpers, so leiden alle anderen mit, und wird ein Teil geehrt, so freuen sich auch alle anderen. (1.Kor.12, 26).<\/p>\n<p>Christinnen und Christen sind \u00fcberzeugt: Was einem Menschen widerf\u00e4hrt, betrifft die anderen. Wir freuen uns mit anderen und wir leiden mit, wenn ein Mensch leidet. Wenn Menschen keine Wohnung finden, die sie bezahlen k\u00f6nnen, betrifft das uns alle. Wenn Menschen sich keine gute Nahrung mehr leisten k\u00f6nnen, weil alles teurer geworden ist, betrifft uns das alle. Wenn jeder Mensch Zugang zu Bildung hat, in der Schule gef\u00f6rdert wird, dann freuen wir uns mit. Wenn die Mutter einer gefl\u00fcchteten Familie als Sozialarbeiterin und der Vater bei der Kommune arbeiten und unsere Gesellschaft mittragen k\u00f6nnen, dann trifft das zu, was uns in der Bibel gesagt ist: \u201ewird ein Teil geehrt, so freuen sich alle mit!\u201c<\/p>\n<p>Wir m\u00fcssen nicht gleich sein, um das Leid von einem Menschen mittragen und dann auch wenden zu wollen. Wir m\u00fcssen nicht dieselbe Sprache sprechen, um uns mit einem anderen Menschen zu freuen! Pfingsten feiern die Christinnen und Christen die ver\u00e4ndernde Bewegung von Gottes Geist und die verbindende Energie, die davon ausgeht.\u201c<\/p>\n<p>Dan Peter<br \/>Sprecher der Landeskirche<\/p>\n<\/div>\n","protected":false},"excerpt":{"rendered":"<p>\u201eGottes Geist ver\u00e4ndert und verbindet\u201c &#8211; Wort der vier Kirchen in Baden-W\u00fcrttemberg zu Pfingsten 2023 Freiburg \/ Karlsruhe \/ Rottenburg<\/p>\n","protected":false},"author":1,"featured_media":0,"comment_status":"closed","ping_status":"closed","sticky":false,"template":"","format":"standard","meta":{"footnotes":""},"categories":[21],"tags":[],"_links":{"self":[{"href":"https:\/\/krankenhauspfarramt.de\/index.php\/wp-json\/wp\/v2\/posts\/5690"}],"collection":[{"href":"https:\/\/krankenhauspfarramt.de\/index.php\/wp-json\/wp\/v2\/posts"}],"about":[{"href":"https:\/\/krankenhauspfarramt.de\/index.php\/wp-json\/wp\/v2\/types\/post"}],"author":[{"embeddable":true,"href":"https:\/\/krankenhauspfarramt.de\/index.php\/wp-json\/wp\/v2\/users\/1"}],"replies":[{"embeddable":true,"href":"https:\/\/krankenhauspfarramt.de\/index.php\/wp-json\/wp\/v2\/comments?post=5690"}],"version-history":[{"count":0,"href":"https:\/\/krankenhauspfarramt.de\/index.php\/wp-json\/wp\/v2\/posts\/5690\/revisions"}],"wp:attachment":[{"href":"https:\/\/krankenhauspfarramt.de\/index.php\/wp-json\/wp\/v2\/media?parent=5690"}],"wp:term":[{"taxonomy":"category","embeddable":true,"href":"https:\/\/krankenhauspfarramt.de\/index.php\/wp-json\/wp\/v2\/categories?post=5690"},{"taxonomy":"post_tag","embeddable":true,"href":"https:\/\/krankenhauspfarramt.de\/index.php\/wp-json\/wp\/v2\/tags?post=5690"}],"curies":[{"name":"wp","href":"https:\/\/api.w.org\/{rel}","templated":true}]}}