{"id":5691,"date":"2023-06-01T14:15:39","date_gmt":"2023-06-01T14:15:39","guid":{"rendered":"https:\/\/krankenhauspfarramt.de\/index.php\/2023\/06\/01\/power-fuer-die-kita-arbeit-das-digitale-portal-relimentar-staerkt-religionspaedagogik-an-kitas-ekd\/"},"modified":"2023-06-01T14:15:40","modified_gmt":"2023-06-01T14:15:40","slug":"power-fuer-die-kita-arbeit-das-digitale-portal-relimentar-staerkt-religionspaedagogik-an-kitas-ekd","status":"publish","type":"post","link":"https:\/\/krankenhauspfarramt.de\/index.php\/2023\/06\/01\/power-fuer-die-kita-arbeit-das-digitale-portal-relimentar-staerkt-religionspaedagogik-an-kitas-ekd\/","title":{"rendered":"Power f\u00fcr die Kita-Arbeit &#8211; das digitale Portal RELImentar st\u00e4rkt Religionsp\u00e4dagogik an Kitas \u2013 EKD"},"content":{"rendered":"<p> <br \/>\n<\/p>\n<div id=\"\">\n<p>RELImentar.de geht heute an den Start! Das neue religionsp\u00e4dagogische Medienportal RELImentar schafft Empowerment f\u00fcr alle P\u00e4dagog*innen in Kitas, Krippe und Hort. Unter https:\/\/relimentar.de finden P\u00e4dagog*innen, aber auch weitere f\u00fcr Kitas Engagierte aus Kirche und Gesellschaft frei nutzbare Materialien und Medien f\u00fcr die religionssensible Begleitung in Krippe, Kita und Hort. Die Materialien sind als OPEN Educational Resources (OER) offen und einfach zug\u00e4nglich.<\/p>\n<p>Erstmals gibt es damit ein digitales Portal f\u00fcr den Kita-Bereich mit qualit\u00e4tsgepr\u00fcften Materialien und Medien. Es wird technisch und inhaltlich vom Comenius-Institut betreut. Neben dem Materialportal bietet RELImentar regionale Zug\u00e4nge zu Ansprechpersonen und Angeboten f\u00fcr die religionsp\u00e4dagogische Fortbildungspraxis vor Ort. Dar\u00fcber hinaus erm\u00f6glicht das \u00fcberregionale Onlineangebot \u201eCaf\u00e9 RELImentar\u201c eine Vernetzung der Fachkr\u00e4fte. Das erste Caf\u00e9 RELImentar findet am kommenden Dienstag (6.6.23) um 15 Uhr statt. N\u00e4here Informationen finden sich hier: https:\/\/relimentar.de\/cafe-relimentar\/<\/p>\n<p>\u201eWir freuen uns sehr, Erzieher*innen und Kindheitsp\u00e4dagog*innen aus ganz Deutschland auf RELImentar willkommen zu hei\u00dfen und sie dazu einzuladen, sich aktiv an der Nutzung, Weiterentwicklung und Gestaltung des Portals zu beteiligen. Ihre Expertise und ihre kreativen Ideen sind von unsch\u00e4tzbarem Wert und tragen dazu bei, dass RELImentar zu einer wertvollen Ressource f\u00fcr die religionssensible Bildungsbegleitung von Kindern werden kann\u201c, so Birgit Sendler-Koschel, Leiterin der Bildungsabteilung der Evangelischen Kirche in Deutschland (EKD).<\/p>\n<p>\u201eDie EKD inspirierte uns in Kirchen, Instituten, Verb\u00e4nden und Diakonie zum Aufbau dieses Portals. Gute Religionsp\u00e4dagogik in der Kita-, Krippen- und Hortarbeit braucht Unterst\u00fctzung. Vor Ort, aber auch digital. RELImentar bietet Kitas in Deutschland Anregung, Hilfe und eine digitale Fachaustauschplattform. Zugleich ist das RELImentar schon jetzt in einigen Regionen mit der Aus-, Fort- und Weiterbildungsarbeit vernetzt. Diese Vernetzung sollte noch weiter ausgebaut und miteinander entwickelt werden\u201c, sagt die RELImentar-Koordinatorin Simone Wustrack vom P\u00e4dagogisch-theologischen Institut der Evangelischen Kirche in Mitteldeutschland.<\/p>\n<p>Carsten Schlepper, Vorsitzender der Bundesvereinigung Evangelischer Tagesst\u00e4tten f\u00fcr Kinder (BETA), freut sich \u00fcber die neue Plattform: \u201eKinder haben ein Recht auf Religion und den eigenen Glauben. Deshalb sind religi\u00f6se Erziehung und Bildung Bestandteil der p\u00e4dagogischen Konzepte der evangelischen Kitas. Mit Relimentar haben wir uns eine Plattform geschaffen, um unseren Fachkr\u00e4ften einen zeitgem\u00e4\u00dfen fachlichen Austausch zu erm\u00f6glichen.\u201c<\/p>\n<p>RELImentar ist in den vergangenen Monaten in einem Fachnetzwerk entwickelt worden, in dem Aktive aus der EKD und ihren Gliedkirchen, aus dem Comenius-Institut, aus landeskirchlichen Instituten und Kita-Verb\u00e4nden mitwirken.<\/p>\n<p>Ein Unterst\u00fctzungsnetzwerk aus Kirchen und Verb\u00e4nden wird RELImentar in Zukunft strukturell absichern. Damit ist RELImentar ein innovatives Projekt in der Zusammenarbeit von Kirchen, Diakonie und Verb\u00e4nden in Zeiten knapper werdender Ressourcen und steigender Bedeutung der Elementarbildung.<\/p>\n<p class=\"EKDFlietext\" style=\"margin-bottom:0cm; margin-left:0cm; margin-right:7.05pt; margin-top:0cm\">Hannover, 1. Juni 2023<\/p>\n<p class=\"EKDFlietext\" style=\"margin-bottom:0cm; margin-left:0cm; margin-right:7.05pt; margin-top:0cm\">\u00a0<\/p>\n<p class=\"EKDFlietext\" style=\"margin-bottom:0cm; margin-left:0cm; margin-right:7.05pt; margin-top:0cm\">Pressestelle der EKD<\/p>\n<\/div>\n","protected":false},"excerpt":{"rendered":"<p>RELImentar.de geht heute an den Start! Das neue religionsp\u00e4dagogische Medienportal RELImentar schafft Empowerment f\u00fcr alle P\u00e4dagog*innen in Kitas, Krippe und<\/p>\n","protected":false},"author":1,"featured_media":677,"comment_status":"closed","ping_status":"closed","sticky":false,"template":"","format":"standard","meta":{"footnotes":""},"categories":[20],"tags":[],"_links":{"self":[{"href":"https:\/\/krankenhauspfarramt.de\/index.php\/wp-json\/wp\/v2\/posts\/5691"}],"collection":[{"href":"https:\/\/krankenhauspfarramt.de\/index.php\/wp-json\/wp\/v2\/posts"}],"about":[{"href":"https:\/\/krankenhauspfarramt.de\/index.php\/wp-json\/wp\/v2\/types\/post"}],"author":[{"embeddable":true,"href":"https:\/\/krankenhauspfarramt.de\/index.php\/wp-json\/wp\/v2\/users\/1"}],"replies":[{"embeddable":true,"href":"https:\/\/krankenhauspfarramt.de\/index.php\/wp-json\/wp\/v2\/comments?post=5691"}],"version-history":[{"count":1,"href":"https:\/\/krankenhauspfarramt.de\/index.php\/wp-json\/wp\/v2\/posts\/5691\/revisions"}],"predecessor-version":[{"id":5692,"href":"https:\/\/krankenhauspfarramt.de\/index.php\/wp-json\/wp\/v2\/posts\/5691\/revisions\/5692"}],"wp:featuredmedia":[{"embeddable":true,"href":"https:\/\/krankenhauspfarramt.de\/index.php\/wp-json\/wp\/v2\/media\/677"}],"wp:attachment":[{"href":"https:\/\/krankenhauspfarramt.de\/index.php\/wp-json\/wp\/v2\/media?parent=5691"}],"wp:term":[{"taxonomy":"category","embeddable":true,"href":"https:\/\/krankenhauspfarramt.de\/index.php\/wp-json\/wp\/v2\/categories?post=5691"},{"taxonomy":"post_tag","embeddable":true,"href":"https:\/\/krankenhauspfarramt.de\/index.php\/wp-json\/wp\/v2\/tags?post=5691"}],"curies":[{"name":"wp","href":"https:\/\/api.w.org\/{rel}","templated":true}]}}