{"id":5721,"date":"2023-06-05T23:13:18","date_gmt":"2023-06-05T23:13:18","guid":{"rendered":"https:\/\/krankenhauspfarramt.de\/index.php\/2023\/06\/05\/mein-lebensweg-ist-durch-die-taufe-fest-mit-dem-weg-jesu-verbunden-ekd\/"},"modified":"2023-06-05T23:13:20","modified_gmt":"2023-06-05T23:13:20","slug":"mein-lebensweg-ist-durch-die-taufe-fest-mit-dem-weg-jesu-verbunden-ekd","status":"publish","type":"post","link":"https:\/\/krankenhauspfarramt.de\/index.php\/2023\/06\/05\/mein-lebensweg-ist-durch-die-taufe-fest-mit-dem-weg-jesu-verbunden-ekd\/","title":{"rendered":"Mein Lebensweg ist durch die Taufe fest mit dem Weg Jesu verbunden \u2013 EKD"},"content":{"rendered":"<p> <br \/>\n<\/p>\n<div id=\"\">\n<div class=\"article--meta article--meta__border clearfix\">\n<p>                                    <time datetime=\"04.06.2023 10:30\" class=\"article--time\">04.06.2023<\/time><\/p>\n<p>                                     <strong class=\"article--type primus--overline\">Pressemitteilung<\/strong><\/p>\n<picture class=\"article--source-image image\"><source srcset=\"https:\/\/www.ekd.de\/ekd_de\/ds_img\/assets\/20170622_ekd-Quellenlogo_141_rdax_423x118.png\"><!--<source srcset=\"\/ekd_de\/ds_img\/assets\/20170622_ekd-Quellenlogo_141_rdax_141x39.png 1x, \/ekd_de\/ds_img\/assets\/20170622_ekd-Quellenlogo_141_rdax_282x78.png 2x, https:\/\/www.ekd.de\/ekd_de\/ds_img\/assets\/20170622_ekd-Quellenlogo_141_rdax_423x118.png 3x\">--><\/p>\n<p>    <\/source><\/picture>\n<\/p><\/div>\n<h2 class=\"article--sub-headline primus--sub-headline\">Annette Kurschus predigt im ZDF-Fernsehgottesdienst im Rahmen der Taufinitiative \u201eDeine Taufe\u201c<\/h2>\n<\/p><\/div>\n<div id=\"\">\n<p class=\"EKDAdressdaten\">Rund um den Johannistag am 24. Juni 2023 feiert die evangelische Kirche die Taufe als Herzst\u00fcck christlichen Glaubens. Unter dem Motto \u201eViele Gr\u00fcnde, ein Segen. Deine Taufe\u201c l\u00e4dt sie dazu ein, die mit der Taufe verbundene Zusage Gottes an die Getauften, geliebt und begleitet zu sein, sp\u00fcrbar und erfahrbar zu machen. An der Initiative beteiligen sich Kirchengemeinden aus ganz Deutschland. Viele verschiedene Ideen werden dabei umgesetzt. So gibt es gro\u00dfe Tauffeste an Seen oder Fl\u00fcssen, Taufen im Freibad und auch ganz klassisch in Kirchen.<\/p>\n<p class=\"EKDAdressdaten\">Auch im ZDF-Fernsehgottesdienst aus Bad Vilbel am Sonntag, den 4. Juni 2023, stand die Taufe im Zentrum. Mitglieder aus der Kirchengemeinde bezeugten ihre Taufe und eine Konfirmandin wurde getauft. Die Ratsvorsitzende der Evangelischen Kirche in Deutschland (EKD), Annette Kurschus, legte in ihrer Predigt den Taufspruch der Konfirmandin aus und sprach dabei \u00fcber die Bedeutung der Taufe: \u201e\u2018Ich bin getauft\u2018, das hei\u00dft: Ich geh\u00f6re zu Christus, diesem Mann am Kreuz. Er gibt mir St\u00e4rke von seiner St\u00e4rke. Mein Lebensweg ist durch die Taufe fest mit seinem Weg verbunden \u2013 und das hei\u00dft: Mein Leben l\u00e4uft auf das Leben zu. Sogar durch den Tod hindurch.\u201c<\/p>\n<p class=\"EKDAdressdaten\">Den Taufspruch aus Psalm 28 hatte die Konfirmandin sich selbst ausgesucht: \u201eDer Herr ist meine St\u00e4rke und mein Schild; auf ihn hofft mein Herz.\u201c Kurschus betonte, bei dieser St\u00e4rke gehe es nicht um sture Kraftmeierei, hier sei eine St\u00e4rke des Herzens gemeint, eine Glaubenskraft. Diese hielten manche f\u00fcr eine Schw\u00e4che, weil die Kraft darin nicht sofort zu sehen sei. Jesus sei das beste Beispiel daf\u00fcr mit seiner Schw\u00e4che f\u00fcr die Menschen, so die Ratsvorsitzende: \u201eF\u00fcr diese Schw\u00e4che wurde Jesus ausgelacht, angeklagt und gefoltert. Er war sogar so stark, sich f\u00fcr diese Schw\u00e4che umbringen zu lassen. F\u00fcr etliche war das der Beweis, was f\u00fcr ein schwacher Typ er war, dieser Mann am Kreuz, ein Verlierer. F\u00fcr uns Christen beweist es die Macht der Liebe, die in ihm war und bis heute nicht totzukriegen ist.\u201c<\/p>\n<p class=\"EKDAdressdaten\">Details zum Gottesdienst sind unter Wasser des Lebens. Segen vom Himmel | rundfunk.evangelisch.de zu finden.<\/p>\n<p class=\"EKDAdressdaten\">Informationen zur Aktion #deinetaufe gibt es unter www.deinetaufe.de. Dort finden Sie auch eine interaktive Landkarte mit zahlreichen Veranstaltungen.<\/p>\n<p class=\"EKDAdressdaten\">Hintergrund:<\/p>\n<p class=\"EKDAdressdaten\">Die Taufe ist eines der beiden Sakramente in der evangelischen Kirche. Mit der Taufe wird dem oder der Getauften zugesprochen: Du geh\u00f6rst zu Christus, Christus hat dich erl\u00f6st. Dieses Versprechen gilt ein Leben lang. Im Taufgottesdienst gie\u00dft die Pfarrerin oder der Pfarrer einige Tropfen Wasser \u00fcber den Kopf des T\u00e4uflings. Dieses Ritual geht zur\u00fcck auf die Taufe Jesu durch Johannes den T\u00e4ufer, die in der Bibel geschildert wird. Mit der Taufe wird der bzw. die Getaufte Teil der christlichen Gemeinde.<\/p>\n<p class=\"EKDAdressdaten\">Hannover, 4. Juni 2023<\/p>\n<p class=\"EKDAdressdaten\">Pressestelle der EKD<br \/>Annika Lukas<\/p>\n<\/div>\n","protected":false},"excerpt":{"rendered":"<p>04.06.2023 Pressemitteilung Annette Kurschus predigt im ZDF-Fernsehgottesdienst im Rahmen der Taufinitiative \u201eDeine Taufe\u201c Rund um den Johannistag am 24. Juni<\/p>\n","protected":false},"author":1,"featured_media":5722,"comment_status":"closed","ping_status":"closed","sticky":false,"template":"","format":"standard","meta":{"footnotes":""},"categories":[20],"tags":[],"_links":{"self":[{"href":"https:\/\/krankenhauspfarramt.de\/index.php\/wp-json\/wp\/v2\/posts\/5721"}],"collection":[{"href":"https:\/\/krankenhauspfarramt.de\/index.php\/wp-json\/wp\/v2\/posts"}],"about":[{"href":"https:\/\/krankenhauspfarramt.de\/index.php\/wp-json\/wp\/v2\/types\/post"}],"author":[{"embeddable":true,"href":"https:\/\/krankenhauspfarramt.de\/index.php\/wp-json\/wp\/v2\/users\/1"}],"replies":[{"embeddable":true,"href":"https:\/\/krankenhauspfarramt.de\/index.php\/wp-json\/wp\/v2\/comments?post=5721"}],"version-history":[{"count":1,"href":"https:\/\/krankenhauspfarramt.de\/index.php\/wp-json\/wp\/v2\/posts\/5721\/revisions"}],"predecessor-version":[{"id":5723,"href":"https:\/\/krankenhauspfarramt.de\/index.php\/wp-json\/wp\/v2\/posts\/5721\/revisions\/5723"}],"wp:featuredmedia":[{"embeddable":true,"href":"https:\/\/krankenhauspfarramt.de\/index.php\/wp-json\/wp\/v2\/media\/5722"}],"wp:attachment":[{"href":"https:\/\/krankenhauspfarramt.de\/index.php\/wp-json\/wp\/v2\/media?parent=5721"}],"wp:term":[{"taxonomy":"category","embeddable":true,"href":"https:\/\/krankenhauspfarramt.de\/index.php\/wp-json\/wp\/v2\/categories?post=5721"},{"taxonomy":"post_tag","embeddable":true,"href":"https:\/\/krankenhauspfarramt.de\/index.php\/wp-json\/wp\/v2\/tags?post=5721"}],"curies":[{"name":"wp","href":"https:\/\/api.w.org\/{rel}","templated":true}]}}