{"id":5730,"date":"2023-06-07T16:11:08","date_gmt":"2023-06-07T16:11:08","guid":{"rendered":"https:\/\/krankenhauspfarramt.de\/index.php\/2023\/06\/07\/kirchentag-startet-in-nuernberg-ekd\/"},"modified":"2023-06-07T16:11:09","modified_gmt":"2023-06-07T16:11:09","slug":"kirchentag-startet-in-nuernberg-ekd","status":"publish","type":"post","link":"https:\/\/krankenhauspfarramt.de\/index.php\/2023\/06\/07\/kirchentag-startet-in-nuernberg-ekd\/","title":{"rendered":"Kirchentag startet in N\u00fcrnberg \u2013 EKD"},"content":{"rendered":"<p> <br \/>\n<\/p>\n<div>\n<p>De Maizi\u00e8re verwies unter anderem auf Veranstaltungen zur Friedensethik mit dem Generalinspekteur der Bundeswehr, Carsten Breuer, zum Klimaschutz mit Bundeswirtschaftsminister Robert Habeck (Gr\u00fcne) und Vertreterinnen der \u201eLetzten Generation\u201c sowie ein Podium zur Krisenanf\u00e4lligkeit der Demokratie mit dem Pr\u00e4sidenten des Bundesverfassungsgerichts, Stephan Harbarth. Auf dem Kirchentag werde anders gesprochen als in Talkshows, in Landtagen oder im Bundestag, sagte de Maizi\u00e8re. Wer nur seine Textbausteine heraushole, habe keine Chance, gutes Geh\u00f6r zu finden.<\/p>\n<p>Der bayerische Ministerpr\u00e4sident Markus S\u00f6der (CSU) w\u00fcnscht sich vom 38. Deutschen Evangelischen Kirchentag in N\u00fcrnberg ein Hoffnungszeichen. \u201eIch hoffe, dass die frohe Botschaft auch als froh interpretiert wird\u201c, sagte S\u00f6der. Der bayerische Landesbischof Heinrich Bedford-Strohm nannte ein \u201eSignal der Hoffnung f\u00fcr die ganze Gesellschaft\u201c als Ziel des Kirchentages. Das sei gerade in dieser Zeit dringend n\u00f6tig.<\/p>\n<p>Auf dem Programm des Kirchentags stehen mehr als 2.000 Veranstaltungen. Bis Dienstagabend wurden nach Angaben der Veranstalter 60.000 Tickets verkauft. Ob die erwartete Teilnehmerzahl von 100.000 erreicht wird, sei schwer abzusch\u00e4tzen, hie\u00df es. Der Kirchentag 2019 in Dortmund z\u00e4hlte rund 120.000 Teilnehmende. 2021 fand eine \u00d6kumenischer Kirchentag in Frankfurt am Main wegen der Corona-Krise weitgehend digital statt.<\/p>\n<p>Ausgebucht war am Mittwoch ein Sonderzug zum Kirchentag, mit dem rund 400 Reisende in Leipzig den Weg nach N\u00fcrnberg antraten. Die Bisch\u00f6fe der Landeskirchen von Sachsen, Anhalt und Mitteldeutschland spendeten einen Reisesegen f\u00fcr den von der mitteldeutschen Kirchenzeitung \u201eGlaube + Heimat\u201c angemieteten Zug.<\/p>\n<\/p><\/div>\n","protected":false},"excerpt":{"rendered":"<p>De Maizi\u00e8re verwies unter anderem auf Veranstaltungen zur Friedensethik mit dem Generalinspekteur der Bundeswehr, Carsten Breuer, zum Klimaschutz mit Bundeswirtschaftsminister<\/p>\n","protected":false},"author":1,"featured_media":5731,"comment_status":"closed","ping_status":"closed","sticky":false,"template":"","format":"standard","meta":{"footnotes":""},"categories":[20],"tags":[],"_links":{"self":[{"href":"https:\/\/krankenhauspfarramt.de\/index.php\/wp-json\/wp\/v2\/posts\/5730"}],"collection":[{"href":"https:\/\/krankenhauspfarramt.de\/index.php\/wp-json\/wp\/v2\/posts"}],"about":[{"href":"https:\/\/krankenhauspfarramt.de\/index.php\/wp-json\/wp\/v2\/types\/post"}],"author":[{"embeddable":true,"href":"https:\/\/krankenhauspfarramt.de\/index.php\/wp-json\/wp\/v2\/users\/1"}],"replies":[{"embeddable":true,"href":"https:\/\/krankenhauspfarramt.de\/index.php\/wp-json\/wp\/v2\/comments?post=5730"}],"version-history":[{"count":1,"href":"https:\/\/krankenhauspfarramt.de\/index.php\/wp-json\/wp\/v2\/posts\/5730\/revisions"}],"predecessor-version":[{"id":5732,"href":"https:\/\/krankenhauspfarramt.de\/index.php\/wp-json\/wp\/v2\/posts\/5730\/revisions\/5732"}],"wp:featuredmedia":[{"embeddable":true,"href":"https:\/\/krankenhauspfarramt.de\/index.php\/wp-json\/wp\/v2\/media\/5731"}],"wp:attachment":[{"href":"https:\/\/krankenhauspfarramt.de\/index.php\/wp-json\/wp\/v2\/media?parent=5730"}],"wp:term":[{"taxonomy":"category","embeddable":true,"href":"https:\/\/krankenhauspfarramt.de\/index.php\/wp-json\/wp\/v2\/categories?post=5730"},{"taxonomy":"post_tag","embeddable":true,"href":"https:\/\/krankenhauspfarramt.de\/index.php\/wp-json\/wp\/v2\/tags?post=5730"}],"curies":[{"name":"wp","href":"https:\/\/api.w.org\/{rel}","templated":true}]}}