{"id":5733,"date":"2023-06-07T20:13:01","date_gmt":"2023-06-07T20:13:01","guid":{"rendered":"https:\/\/krankenhauspfarramt.de\/index.php\/2023\/06\/07\/sommeraktion-der-kirchlichen-hilfswerke-gegen-den-hunger-ekd\/"},"modified":"2023-06-07T20:13:03","modified_gmt":"2023-06-07T20:13:03","slug":"sommeraktion-der-kirchlichen-hilfswerke-gegen-den-hunger-ekd","status":"publish","type":"post","link":"https:\/\/krankenhauspfarramt.de\/index.php\/2023\/06\/07\/sommeraktion-der-kirchlichen-hilfswerke-gegen-den-hunger-ekd\/","title":{"rendered":"Sommeraktion der kirchlichen Hilfswerke gegen den Hunger \u2013 EKD"},"content":{"rendered":"<p> <br \/>\n<\/p>\n<div>\n<p>Allein in Ostafrika ben\u00f6tigten mehr als 43 Millionen Menschen schnelle Hilfe. Laut den Vereinten Nationen seien fast zwei Millionen Kinder vom Hungertod bedroht. \u201eDas sind dramatische Zahlen, die deutlich machen, dass wir schnell handeln m\u00fcssen\u201c, betonte Steffen Feldmann, Vorstandsmitglied f\u00fcr Internationales im Deutschen Caritasverband. \u201eDas Schicksal der Hungernden darf nicht erst in letzter Minute bei Geberkonferenzen entschieden werden, die immer seltener die notwendigen finanziellen Mittel aufbringen\u201c, unterstrich die Pr\u00e4sidentin der Diakonie Katastrophenhilfe, Dagmar Pruin.<\/p>\n<p>Auch in L\u00e4ndern, die bewaffnete Konflikte und Gewalt erleben, versch\u00e4rfe sich die Not weiter, erkl\u00e4rten die Hilfswerke. Afghanistan und Jemen erlebten seit Jahren eine Abw\u00e4rtsspirale. Mit Burkina Faso, Haiti, Mali und Sudan seien weitere Staaten hinzugekommen, in denen nun die h\u00f6chste Warnstufe f\u00fcr Hunger gelte. Oft k\u00f6nne nur Nothilfe, wie sie Caritas International und Diakonie Katastrophenhilfe leisten, das \u00dcberleben sichern, appellieren die beiden Hilfswerke um Unterst\u00fctzung f\u00fcr ihre Sommeraktion.<\/p>\n<p><strong>www.diakonie-katastrophenhilfe.de<\/strong><\/p>\n<hr\/>\n<p><strong>Gemeinsame Spendenaktion von caritas international und Diakonie Katastrophenhilfe<\/strong><\/p>\n<p><strong>Spendenkonten:<\/strong><\/p>\n<p><strong>Diakonie Katastrophenhilfe, Stichwort: Hunger weltweit<\/strong><br \/>Evangelische Bank, IBAN: DE68 5206 0410 0000 5025 02<br \/>online unter: www.diakonie-katastrophenhilfe.de\/spenden\/<\/p>\n<p><strong>Spendenkonten: Caritas international, Stichwort: CY 01416 Hungerhilfe Ostafrika<\/strong><br \/>Bank f\u00fcr Sozialwirtschaft Karlsruhe<br \/>IBAN: DE88 6602 0500 0202 0202 02<br \/>online unter: www.caritas-international.de\u00a0<\/p>\n<p><strong>www.vergessene-katastrophen.de<\/strong><\/p>\n<\/p><\/div>\n","protected":false},"excerpt":{"rendered":"<p>Allein in Ostafrika ben\u00f6tigten mehr als 43 Millionen Menschen schnelle Hilfe. Laut den Vereinten Nationen seien fast zwei Millionen Kinder<\/p>\n","protected":false},"author":1,"featured_media":5734,"comment_status":"closed","ping_status":"closed","sticky":false,"template":"","format":"standard","meta":{"footnotes":""},"categories":[20],"tags":[],"_links":{"self":[{"href":"https:\/\/krankenhauspfarramt.de\/index.php\/wp-json\/wp\/v2\/posts\/5733"}],"collection":[{"href":"https:\/\/krankenhauspfarramt.de\/index.php\/wp-json\/wp\/v2\/posts"}],"about":[{"href":"https:\/\/krankenhauspfarramt.de\/index.php\/wp-json\/wp\/v2\/types\/post"}],"author":[{"embeddable":true,"href":"https:\/\/krankenhauspfarramt.de\/index.php\/wp-json\/wp\/v2\/users\/1"}],"replies":[{"embeddable":true,"href":"https:\/\/krankenhauspfarramt.de\/index.php\/wp-json\/wp\/v2\/comments?post=5733"}],"version-history":[{"count":1,"href":"https:\/\/krankenhauspfarramt.de\/index.php\/wp-json\/wp\/v2\/posts\/5733\/revisions"}],"predecessor-version":[{"id":5735,"href":"https:\/\/krankenhauspfarramt.de\/index.php\/wp-json\/wp\/v2\/posts\/5733\/revisions\/5735"}],"wp:featuredmedia":[{"embeddable":true,"href":"https:\/\/krankenhauspfarramt.de\/index.php\/wp-json\/wp\/v2\/media\/5734"}],"wp:attachment":[{"href":"https:\/\/krankenhauspfarramt.de\/index.php\/wp-json\/wp\/v2\/media?parent=5733"}],"wp:term":[{"taxonomy":"category","embeddable":true,"href":"https:\/\/krankenhauspfarramt.de\/index.php\/wp-json\/wp\/v2\/categories?post=5733"},{"taxonomy":"post_tag","embeddable":true,"href":"https:\/\/krankenhauspfarramt.de\/index.php\/wp-json\/wp\/v2\/tags?post=5733"}],"curies":[{"name":"wp","href":"https:\/\/api.w.org\/{rel}","templated":true}]}}