{"id":5745,"date":"2023-06-12T15:34:45","date_gmt":"2023-06-12T15:34:45","guid":{"rendered":"https:\/\/krankenhauspfarramt.de\/index.php\/2023\/06\/12\/kirchentag-will-veraenderung-ekd\/"},"modified":"2023-06-12T15:34:47","modified_gmt":"2023-06-12T15:34:47","slug":"kirchentag-will-veraenderung-ekd","status":"publish","type":"post","link":"https:\/\/krankenhauspfarramt.de\/index.php\/2023\/06\/12\/kirchentag-will-veraenderung-ekd\/","title":{"rendered":"Kirchentag will Ver\u00e4nderung \u2013 EKD"},"content":{"rendered":"<p> <br \/>\n<\/p>\n<div>\n<p style=\"margin-left:0cm; margin-right:0cm\">Pastor Quinton Ceasar formulierte Ungeduld angesichts der Probleme. \u201eWir k\u00f6nnen nicht mehr warten\u201c, sagte der aus S\u00fcdafrika stammende nieders\u00e4chsische Pfarrer. Wenn Jesus sage \u201eJetzt ist die Zeit\u201c, rufe er zur Ver\u00e4nderung auf, \u201ezu mutigen Entscheidungen, die wirklich Ver\u00e4nderung bewirken\u201c, sagte der Pastor in Anspielung auf das Kirchentagsmotto \u201eJetzt ist die Zeit\u201c. Ceasar forderte Solidarit\u00e4t mit angefeindeten Homosexuellen, Fl\u00fcchtlingen und Klimaaktivisten. \u201eWir sind alle die &#8218;Letzte Generation&#8217;\u201c, sagte er unter gro\u00dfem Applaus der Besucherinnen und Besucher. Zugleich empfahl er, sich an die Liebe Gottes zu \u201ekleben\u201c.<\/p>\n<p style=\"margin-left:0cm; margin-right:0cm\">Bei dem Protestantentreffen mit rund 2.000 Veranstaltungen in N\u00fcrnberg und F\u00fcrth hatten seit Mittwoch Zehntausende Menschen ihren Glauben mit Gottesdiensten, Gebeten und Musik gefeiert und zugleich \u00fcber aktuelle politische und gesellschaftliche Themen debattiert. Auf gro\u00dfes Interesse bei den 70.000 Besuchern stie\u00dfen Podien zur Klimakrise und zum Krieg in der Ukraine.<\/p>\n<p style=\"margin-left:0cm; margin-right:0cm\">Der evangelische Kirchentag findet alle zwei Jahre in einer anderen deutschen Gro\u00dfstadt statt. Gastgeber 2025 ist Hannover. 2024 findet ein Katholikentag in Erfurt statt.<\/p>\n<p style=\"margin-left:0cm; margin-right:0cm\">Am Samstagvormittag hatte Bundeskanzler Scholz bei einer Kirchentagsveranstaltung den Kompromiss der EU-Innenminister zur Reform des europ\u00e4ischen Asylrechts verteidigt. Der vereinbarte Solidarit\u00e4tsmechanismus sei aus seiner Sicht ein faireres System als das aktuelle Verfahren. Am Abend sagte Au\u00dfenministerin Baerbock, sie glaube, dass es mit dieser gemeinsamen europ\u00e4ischen L\u00f6sung \u201ef\u00fcr die Mehrheit der Gefl\u00fcchteten die Chance gibt, dass es besser wird\u201c. Gleichzeitig sprach sie von einer \u201eschwierigen Entscheidung\u201c und von den \u201esicherlich schwersten politischen Tagen\u201c, diese Abw\u00e4gung zu treffen. Die Gr\u00fcnen-Politikerin steht wegen der Einigung zu den geplanten Verfahren an den EU-Au\u00dfengrenzen in ihrer eigenen Partei unter Druck.<\/p>\n<p style=\"margin-left:0cm; margin-right:0cm\">Gegen die geplante Versch\u00e4rfung des EU-Asylrechts protestierten dagegen Teilnehmende des Kirchentags mit einer Resolution. Darin wandten sie sich gegen einen \u201eAusverkauf der Menschenrechte\u201c und einen \u201eFrontalangriff auf den Rechtsstaat und das Fl\u00fcchtlingsrecht\u201c. Die Resolution wurde bei einer Veranstaltung im \u201eZentrum Menschenrechte\u201c des Kirchentages verabschiedet. Eine gro\u00dfe Mehrheit der rund 500 Anwesenden stimmte daf\u00fcr. Allerdings gab es auch zweistellige Zahlen von Gegenstimmen und Enthaltungen.<\/p>\n<\/p><\/div>\n","protected":false},"excerpt":{"rendered":"<p>Pastor Quinton Ceasar formulierte Ungeduld angesichts der Probleme. \u201eWir k\u00f6nnen nicht mehr warten\u201c, sagte der aus S\u00fcdafrika stammende nieders\u00e4chsische Pfarrer.<\/p>\n","protected":false},"author":1,"featured_media":5746,"comment_status":"closed","ping_status":"closed","sticky":false,"template":"","format":"standard","meta":{"footnotes":""},"categories":[20],"tags":[],"_links":{"self":[{"href":"https:\/\/krankenhauspfarramt.de\/index.php\/wp-json\/wp\/v2\/posts\/5745"}],"collection":[{"href":"https:\/\/krankenhauspfarramt.de\/index.php\/wp-json\/wp\/v2\/posts"}],"about":[{"href":"https:\/\/krankenhauspfarramt.de\/index.php\/wp-json\/wp\/v2\/types\/post"}],"author":[{"embeddable":true,"href":"https:\/\/krankenhauspfarramt.de\/index.php\/wp-json\/wp\/v2\/users\/1"}],"replies":[{"embeddable":true,"href":"https:\/\/krankenhauspfarramt.de\/index.php\/wp-json\/wp\/v2\/comments?post=5745"}],"version-history":[{"count":1,"href":"https:\/\/krankenhauspfarramt.de\/index.php\/wp-json\/wp\/v2\/posts\/5745\/revisions"}],"predecessor-version":[{"id":5747,"href":"https:\/\/krankenhauspfarramt.de\/index.php\/wp-json\/wp\/v2\/posts\/5745\/revisions\/5747"}],"wp:featuredmedia":[{"embeddable":true,"href":"https:\/\/krankenhauspfarramt.de\/index.php\/wp-json\/wp\/v2\/media\/5746"}],"wp:attachment":[{"href":"https:\/\/krankenhauspfarramt.de\/index.php\/wp-json\/wp\/v2\/media?parent=5745"}],"wp:term":[{"taxonomy":"category","embeddable":true,"href":"https:\/\/krankenhauspfarramt.de\/index.php\/wp-json\/wp\/v2\/categories?post=5745"},{"taxonomy":"post_tag","embeddable":true,"href":"https:\/\/krankenhauspfarramt.de\/index.php\/wp-json\/wp\/v2\/tags?post=5745"}],"curies":[{"name":"wp","href":"https:\/\/api.w.org\/{rel}","templated":true}]}}