{"id":5748,"date":"2023-06-13T14:16:51","date_gmt":"2023-06-13T14:16:51","guid":{"rendered":"https:\/\/krankenhauspfarramt.de\/index.php\/2023\/06\/13\/seelsorge-bei-den-special-olympics-world-games-2023-in-berlin-ekd\/"},"modified":"2023-06-13T14:16:53","modified_gmt":"2023-06-13T14:16:53","slug":"seelsorge-bei-den-special-olympics-world-games-2023-in-berlin-ekd","status":"publish","type":"post","link":"https:\/\/krankenhauspfarramt.de\/index.php\/2023\/06\/13\/seelsorge-bei-den-special-olympics-world-games-2023-in-berlin-ekd\/","title":{"rendered":"Seelsorge bei den Special Olympics World Games 2023 in Berlin \u2013 EKD"},"content":{"rendered":"<p> <br \/>\n<\/p>\n<div id=\"\">\n<div class=\"article--meta article--meta__border clearfix\">\n<p>                                    <time datetime=\"13.06.2023 13:00\" class=\"article--time\">13.06.2023<\/time><\/p>\n<p>                                     <strong class=\"article--type primus--overline\">Pressemitteilung<\/strong><\/p>\n<picture class=\"article--source-image image\"><source srcset=\"https:\/\/www.ekd.de\/ekd_de\/ds_img\/assets\/20170622_ekd-Quellenlogo_141_rdax_423x118.png\"><!--<source srcset=\"\/ekd_de\/ds_img\/assets\/20170622_ekd-Quellenlogo_141_rdax_141x39.png 1x, \/ekd_de\/ds_img\/assets\/20170622_ekd-Quellenlogo_141_rdax_282x78.png 2x, https:\/\/www.ekd.de\/ekd_de\/ds_img\/assets\/20170622_ekd-Quellenlogo_141_rdax_423x118.png 3x\">--><\/p>\n<p>    <\/source><\/picture>\n<\/p><\/div>\n<h2 class=\"article--sub-headline primus--sub-headline\">Angebot f\u00fcr Menschen mit Behinderungen<\/h2>\n<\/p><\/div>\n<div id=\"\">\n<p>Vom 17. bis 25. Juni 2023 finden die Special Olympics World Games in Berlin statt. Tausende Athletinnen und Athleten mit geistiger und mehrfacher Behinderung treten in 26 Sportarten an. Es ist die weltweit gr\u00f6\u00dfte inklusive Sportveranstaltung.\u00a0<\/p>\n<p>Elisabeth Keilmann, Sportseelsorgerin der Deutschen Bischofskonferenz, und Christian Bode, Paralympics-Seelsorger der Evangelischen Kirche in Deutschland (EKD), werden vor Ort sein. Sie sind als Teil des vom Organisationskomitee aufgestellten Wellbeing-Teams f\u00fcr die Athletinnen und Athleten rund um die Uhr ebenso ansprechbar wie f\u00fcr Mitglieder aller Delegationen, Familienangeh\u00f6rige, Mitarbeitende, Volunteers und Sport-Offizielle. Dabei stehen sie vor allem f\u00fcr die seelsorgliche Begleitung zur Verf\u00fcgung. Elisabeth Keilmann sagt: \u201eWir bringen viel Zeit zum Zuh\u00f6ren mit und bieten M\u00f6glichkeiten zum vertrauensvollen Gespr\u00e4ch, helfen aber auch in Alltagssituationen. Es wird auch eigens ein Sorgentelefon eingerichtet.\u201c\u00a0<\/p>\n<p>Dar\u00fcber hinaus koordinieren die Sportseelsorgerin und der Sportseelsorger die geistlichen und sportlichen Angebote im Sommergarten des Messegel\u00e4ndes Berlin. \u201eMit einem Berliner Team, bestehend aus Vertretern des DJK-Sportverbandes, des Erzbisch\u00f6flichen Ordinariats Berlin, des \u00d6kumenischen Rats Berlin-Brandenburg, der Evangelischen Kirche Berlin-Brandenburg-schlesische Oberlausitz, haben wir uns seit Monaten intensiv vorbereitet\u201c, erg\u00e4nzt Christian Bode. \u201eNach mehreren Begleitungen der Paralympics freue ich mich auf meine ersten Special Olympics als Seelsorger. Ich w\u00fcnsche mir schon jetzt eine Fortsetzung der Zusammenarbeit \u00fcber Berlin hinaus.\u201c, sagt Paralympics-Seelsorger Christian Bode.<\/p>\n<p>Es wird einen eigenen Stand mit Mitmachangeboten geben, t\u00e4glich werden geistliche Impulse mit Bewegung um 12.00 Uhr und 16.00 Uhr angeboten. An den jeweiligen Impuls schlie\u00dft sich eine einst\u00fcndige \u00f6kumenische Kontakt- und Begegnungsm\u00f6glichkeit mit Kirchenvertretern an. Dieses Zusammenkommen steht unter dem Leitwort \u201eWELL-COME \u2013 Greet and meet church leaders\u201c. Erwartet werden unter anderem Erzbischof Dr. Heiner Koch, Bischof Dr. Christian St\u00e4blein und Pr\u00f6pstin Dr. Christina-Maria Bammel sowie Pr\u00e4ses Thorsten Latzel, Sportbeauftragter der Evangelischen Kirche in Deutschland.<\/p>\n<p>\u201eDie Special Olympics World Games sind eine gro\u00dfe Chance f\u00fcr mehr Anerkennung und gesellschaftliche Teilhabe von Menschen mit Behinderung. Sie k\u00f6nnen zur Aufkl\u00e4rung und Bewusstseinsbildung beitragen. Wir als Kirchen leisten hier einen Beitrag\u201c, betont Christian Bode. \u201eUnd vielleicht k\u00f6nnen die Spiele auch dazu beisteuern, Barrieren in K\u00f6pfen und Strukturen abzubauen und mit Toleranz, Ehrlichkeit und Offenheit und gegenseitigem Respekt miteinander umzugehen. Denn wir sollten offen und mit Herz auf die Menschen zugehen \u2013 egal ob mit oder ohne Behinderung. Auch wir als kirchliche Vertreterinnen und Vertreter k\u00f6nnen einiges von den Sportlerinnen und Sportlern und \u00fcber Inklusion lernen. Deshalb sind wir als Seelsorgerinnen und Seelsorger nicht nur bei Olympischen Spielen, sondern bei den Special Olympics dabei\u201c, so Elisabeth Keilmann.<\/p>\n<p>Hintergrund<br \/>Special Olympics Deutschland ist die deutsche Organisation der weltweit gr\u00f6\u00dften Sportbewegung f\u00fcr Menschen mit geistiger und mehrfacher Behinderung. Sie veranstaltet im zweij\u00e4hrigen Wechsel nationale Sommer- und Winterspiele. Vom 17. bis 25. Juni 2023 finden die Special Olympics World Games in Berlin statt \u2013 und damit erstmals in Deutschland. Special Olympics ist mit 5,2 Millionen Sportlerinnen und Sportlern in 174 L\u00e4ndern vertreten.<\/p>\n<p>Hinweise<br \/>Die Sportseelsorgerin und der Sportseelsorger stehen f\u00fcr Interviews bereit. Die Kontaktaufnahme l\u00e4uft \u00fcber die Pressestelle der Deutschen Bischofskonferenz f\u00fcr Elisabeth Keilmann (pressestelle@dbk.de) und \u00fcber die Pressestelle der EKD f\u00fcr Christian Bode (pressestelle@ekd.de).<\/p>\n<p>Hannover, 13. Juni 2023<\/p>\n<p>Pressestelle der EKD<br \/>Carsten Splitt<br \/>\u00a0<\/p>\n<\/div>\n","protected":false},"excerpt":{"rendered":"<p>13.06.2023 Pressemitteilung Angebot f\u00fcr Menschen mit Behinderungen Vom 17. bis 25. Juni 2023 finden die Special Olympics World Games in<\/p>\n","protected":false},"author":1,"featured_media":5749,"comment_status":"closed","ping_status":"closed","sticky":false,"template":"","format":"standard","meta":{"footnotes":""},"categories":[20],"tags":[],"_links":{"self":[{"href":"https:\/\/krankenhauspfarramt.de\/index.php\/wp-json\/wp\/v2\/posts\/5748"}],"collection":[{"href":"https:\/\/krankenhauspfarramt.de\/index.php\/wp-json\/wp\/v2\/posts"}],"about":[{"href":"https:\/\/krankenhauspfarramt.de\/index.php\/wp-json\/wp\/v2\/types\/post"}],"author":[{"embeddable":true,"href":"https:\/\/krankenhauspfarramt.de\/index.php\/wp-json\/wp\/v2\/users\/1"}],"replies":[{"embeddable":true,"href":"https:\/\/krankenhauspfarramt.de\/index.php\/wp-json\/wp\/v2\/comments?post=5748"}],"version-history":[{"count":1,"href":"https:\/\/krankenhauspfarramt.de\/index.php\/wp-json\/wp\/v2\/posts\/5748\/revisions"}],"predecessor-version":[{"id":5750,"href":"https:\/\/krankenhauspfarramt.de\/index.php\/wp-json\/wp\/v2\/posts\/5748\/revisions\/5750"}],"wp:featuredmedia":[{"embeddable":true,"href":"https:\/\/krankenhauspfarramt.de\/index.php\/wp-json\/wp\/v2\/media\/5749"}],"wp:attachment":[{"href":"https:\/\/krankenhauspfarramt.de\/index.php\/wp-json\/wp\/v2\/media?parent=5748"}],"wp:term":[{"taxonomy":"category","embeddable":true,"href":"https:\/\/krankenhauspfarramt.de\/index.php\/wp-json\/wp\/v2\/categories?post=5748"},{"taxonomy":"post_tag","embeddable":true,"href":"https:\/\/krankenhauspfarramt.de\/index.php\/wp-json\/wp\/v2\/tags?post=5748"}],"curies":[{"name":"wp","href":"https:\/\/api.w.org\/{rel}","templated":true}]}}