{"id":5770,"date":"2023-06-22T12:15:23","date_gmt":"2023-06-22T12:15:23","guid":{"rendered":"https:\/\/krankenhauspfarramt.de\/index.php\/2023\/06\/22\/kirche-zieht-ernuechternde-halbzeitbilanz-der-agenda-2030-ekd\/"},"modified":"2023-06-22T12:15:24","modified_gmt":"2023-06-22T12:15:24","slug":"kirche-zieht-ernuechternde-halbzeitbilanz-der-agenda-2030-ekd","status":"publish","type":"post","link":"https:\/\/krankenhauspfarramt.de\/index.php\/2023\/06\/22\/kirche-zieht-ernuechternde-halbzeitbilanz-der-agenda-2030-ekd\/","title":{"rendered":"Kirche zieht ern\u00fcchternde Halbzeitbilanz der Agenda 2030 \u2013 EKD"},"content":{"rendered":"<p> <br \/>\n<\/p>\n<div>\n<p>Die UN-Mitgliedsstaaten hatten sich bei ihrer Generalversammlung 2015 auf die Agenda 2030 f\u00fcr nachhaltige Entwicklung verst\u00e4ndigt. Bis zum Jahr 2030 sollen 17 Ziele f\u00fcr nachhaltige Entwicklung erreicht sein. Dazu z\u00e4hlen die \u00dcberwindung von extremer Armut und Hunger sowie mehr Gleichberechtigung und Klimaschutz.<\/p>\n<p>Diese Halbzeitbilanz sei das Ergebnis einer zweit\u00e4gigen Konferenz in Berlin, die am Mittwoch zu Ende gegangen war, teilten EKD und Diakonie weiter mit. Zu dem Kongress hatten neben EKD und Diakonie die Hilfsorganisation \u201eBrot f\u00fcr die Welt\u201c und die Akademie der Versicherer im Raum der Kirchen eingeladen.<br \/>\u00a0<\/p>\n<\/p><\/div>\n","protected":false},"excerpt":{"rendered":"<p>Die UN-Mitgliedsstaaten hatten sich bei ihrer Generalversammlung 2015 auf die Agenda 2030 f\u00fcr nachhaltige Entwicklung verst\u00e4ndigt. Bis zum Jahr 2030<\/p>\n","protected":false},"author":1,"featured_media":5771,"comment_status":"closed","ping_status":"closed","sticky":false,"template":"","format":"standard","meta":{"footnotes":""},"categories":[20],"tags":[],"_links":{"self":[{"href":"https:\/\/krankenhauspfarramt.de\/index.php\/wp-json\/wp\/v2\/posts\/5770"}],"collection":[{"href":"https:\/\/krankenhauspfarramt.de\/index.php\/wp-json\/wp\/v2\/posts"}],"about":[{"href":"https:\/\/krankenhauspfarramt.de\/index.php\/wp-json\/wp\/v2\/types\/post"}],"author":[{"embeddable":true,"href":"https:\/\/krankenhauspfarramt.de\/index.php\/wp-json\/wp\/v2\/users\/1"}],"replies":[{"embeddable":true,"href":"https:\/\/krankenhauspfarramt.de\/index.php\/wp-json\/wp\/v2\/comments?post=5770"}],"version-history":[{"count":1,"href":"https:\/\/krankenhauspfarramt.de\/index.php\/wp-json\/wp\/v2\/posts\/5770\/revisions"}],"predecessor-version":[{"id":5772,"href":"https:\/\/krankenhauspfarramt.de\/index.php\/wp-json\/wp\/v2\/posts\/5770\/revisions\/5772"}],"wp:featuredmedia":[{"embeddable":true,"href":"https:\/\/krankenhauspfarramt.de\/index.php\/wp-json\/wp\/v2\/media\/5771"}],"wp:attachment":[{"href":"https:\/\/krankenhauspfarramt.de\/index.php\/wp-json\/wp\/v2\/media?parent=5770"}],"wp:term":[{"taxonomy":"category","embeddable":true,"href":"https:\/\/krankenhauspfarramt.de\/index.php\/wp-json\/wp\/v2\/categories?post=5770"},{"taxonomy":"post_tag","embeddable":true,"href":"https:\/\/krankenhauspfarramt.de\/index.php\/wp-json\/wp\/v2\/tags?post=5770"}],"curies":[{"name":"wp","href":"https:\/\/api.w.org\/{rel}","templated":true}]}}