{"id":5775,"date":"2023-06-22T16:16:00","date_gmt":"2023-06-22T16:16:00","guid":{"rendered":"https:\/\/krankenhauspfarramt.de\/index.php\/2023\/06\/22\/ekd-ratsvorsitzende-kritisiert-kompromiss-in-eu-asylpolitik-scharf-ekd\/"},"modified":"2023-06-22T16:16:01","modified_gmt":"2023-06-22T16:16:01","slug":"ekd-ratsvorsitzende-kritisiert-kompromiss-in-eu-asylpolitik-scharf-ekd","status":"publish","type":"post","link":"https:\/\/krankenhauspfarramt.de\/index.php\/2023\/06\/22\/ekd-ratsvorsitzende-kritisiert-kompromiss-in-eu-asylpolitik-scharf-ekd\/","title":{"rendered":"EKD-Ratsvorsitzende kritisiert Kompromiss in EU-Asylpolitik scharf \u2013 EKD"},"content":{"rendered":"<p> <br \/>\n<\/p>\n<div>\n<p>Die Innenministerinnen und Innenminister der EU-Staaten hatten sich Anfang Juni auf Grundz\u00fcge eines gemeinsamen Asylsystems geeinigt. Die Bundesregierung stellt heraus, dass damit erstmals ein verbindlicher Solidarit\u00e4tsmechanismus zur Verteilung von Fl\u00fcchtlingen in Sicht ist. Der Kompromiss sieht aber auch sogenannte EU-Grenzverfahren vor, die nach Auffassung von Fl\u00fcchtlingsorganisationen dazu f\u00fchren k\u00f6nnten, dass Tausende Schutzsuchende in Lagern unter haft\u00e4hnlichen Bedingungen ausharren m\u00fcssen, bis ihr Anliegen gepr\u00fcft ist.<\/p>\n<p>Die Kirche k\u00f6nne und wolle sich nicht mit dem zufriedengeben, \u201ewas die EU auf Regierungsebene als einen verhei\u00dfungsvollen Neuansatz in der gemeinsamen Migrationspolitik bezeichnet\u201c, sagte Kurschus unter Applaus vieler der anwesenden G\u00e4ste aus Religionsgemeinschaften, Politik und anderen gesellschaftlichen Bereichen. Es st\u00fcnden etliche Fragen im Raum, erg\u00e4nzte sie und verwies auf die Einhaltung rechtsstaatlicher Standards und die Vermeidung sogenannter Push-Backs &#8211; das illegale Zur\u00fcckdr\u00e4ngen von Asylsuchenden. Noch immer fehle zudem eine Antwort auf das Sterben im Mittelmeer, sagte die westf\u00e4lische Pr\u00e4ses.<\/p>\n<p>\u201eWer wir sind und was uns unsere sogenannten Werte wert sind, das zeigen wir auch und gerade im Umgang mit Gefl\u00fcchteten\u201c, sagte Kurschus. Sie wisse, dass St\u00e4dte am Limit seien und dass Geld und Pl\u00e4tze fehlten. Sie wisse auch, dass Zuwanderung demokratievertr\u00e4glich gestaltet werden m\u00fcsse. \u201eAber Abschottung und eine Rhetorik, die Angst verbreitet, spielen denen in die H\u00e4nde, die Probleme bewirtschaften wollen, statt sie zu l\u00f6sen\u201c, sagte sie.<br \/>\u00a0<\/p>\n<\/p><\/div>\n","protected":false},"excerpt":{"rendered":"<p>Die Innenministerinnen und Innenminister der EU-Staaten hatten sich Anfang Juni auf Grundz\u00fcge eines gemeinsamen Asylsystems geeinigt. Die Bundesregierung stellt heraus,<\/p>\n","protected":false},"author":1,"featured_media":5776,"comment_status":"closed","ping_status":"closed","sticky":false,"template":"","format":"standard","meta":{"footnotes":""},"categories":[20],"tags":[],"_links":{"self":[{"href":"https:\/\/krankenhauspfarramt.de\/index.php\/wp-json\/wp\/v2\/posts\/5775"}],"collection":[{"href":"https:\/\/krankenhauspfarramt.de\/index.php\/wp-json\/wp\/v2\/posts"}],"about":[{"href":"https:\/\/krankenhauspfarramt.de\/index.php\/wp-json\/wp\/v2\/types\/post"}],"author":[{"embeddable":true,"href":"https:\/\/krankenhauspfarramt.de\/index.php\/wp-json\/wp\/v2\/users\/1"}],"replies":[{"embeddable":true,"href":"https:\/\/krankenhauspfarramt.de\/index.php\/wp-json\/wp\/v2\/comments?post=5775"}],"version-history":[{"count":1,"href":"https:\/\/krankenhauspfarramt.de\/index.php\/wp-json\/wp\/v2\/posts\/5775\/revisions"}],"predecessor-version":[{"id":5777,"href":"https:\/\/krankenhauspfarramt.de\/index.php\/wp-json\/wp\/v2\/posts\/5775\/revisions\/5777"}],"wp:featuredmedia":[{"embeddable":true,"href":"https:\/\/krankenhauspfarramt.de\/index.php\/wp-json\/wp\/v2\/media\/5776"}],"wp:attachment":[{"href":"https:\/\/krankenhauspfarramt.de\/index.php\/wp-json\/wp\/v2\/media?parent=5775"}],"wp:term":[{"taxonomy":"category","embeddable":true,"href":"https:\/\/krankenhauspfarramt.de\/index.php\/wp-json\/wp\/v2\/categories?post=5775"},{"taxonomy":"post_tag","embeddable":true,"href":"https:\/\/krankenhauspfarramt.de\/index.php\/wp-json\/wp\/v2\/tags?post=5775"}],"curies":[{"name":"wp","href":"https:\/\/api.w.org\/{rel}","templated":true}]}}