{"id":5789,"date":"2023-06-29T15:11:30","date_gmt":"2023-06-29T15:11:30","guid":{"rendered":"https:\/\/krankenhauspfarramt.de\/index.php\/2023\/06\/29\/evangelische-kirche-veroeffentlicht-stellungnahme-zu-suizidassistenz-ekd\/"},"modified":"2023-06-29T15:11:31","modified_gmt":"2023-06-29T15:11:31","slug":"evangelische-kirche-veroeffentlicht-stellungnahme-zu-suizidassistenz-ekd","status":"publish","type":"post","link":"https:\/\/krankenhauspfarramt.de\/index.php\/2023\/06\/29\/evangelische-kirche-veroeffentlicht-stellungnahme-zu-suizidassistenz-ekd\/","title":{"rendered":"Evangelische Kirche ver\u00f6ffentlicht Stellungnahme zu Suizidassistenz \u2013 EKD"},"content":{"rendered":"<p> <br \/>\n<\/p>\n<div>\n<p>Der Bundestag soll laut aktueller Tagesordnung am Donnerstag kommender Woche dar\u00fcber entscheiden, wie nach einem grundlegenden Urteil des Bundesverfassungsgerichts die Hilfe bei der Selbstt\u00f6tung erm\u00f6glicht und reguliert werden soll. Es gibt dazu zwei Regelungsvorschl\u00e4ge.<\/p>\n<p>Die Gruppe der Abgeordneten Katrin Helling-Plahr (FDP) und Renate K\u00fcnast (Gr\u00fcne) betont in ihrem Vorschlag das Recht auf selbstbestimmtes Sterben und will die Vergabe von t\u00f6dlich wirkenden Medikamenten nach einer Beratung erm\u00f6glichen. Die Gruppe um Lars Castellucci (SPD) und Ansgar Heveling (CDU) betont dagegen eher den Lebensschutz und macht neben einer Beratung auch eine psychiatrische oder psychotherapeutische Begutachtung zur Voraussetzung f\u00fcr eine straffreie Abgabe solcher Mittel.<\/p>\n<p>Die EKD betont in ihrer Stellungnahme, dass im Falle einer Entscheidung f\u00fcr einen assistierten Suizid in einer Grenzsituation zur Achtung vor dem einzelnen Menschen geh\u00f6re, \u201edie Umsetzung dieser Entscheidung im Rahmen des Rechts zu erm\u00f6glichen, dieser Person vorurteilsfrei zu begegnen und sie seelsorgerlich zu begleiten\u201c. Weiter hei\u00dft es: \u201eF\u00fcr diese Begleitung steht die evangelische Kirche bereit.\u201c<\/p>\n<p>2015 hatte sich die evangelische Kirche zusammen mit der katholischen Kirche f\u00fcr das letztlich vom Bundestag verabschiedete Gesetz zum Verbot gesch\u00e4ftsm\u00e4\u00dfiger F\u00f6rderung der Hilfe bei der Selbstt\u00f6tung ausgesprochen. Dieses Gesetz hatte das Bundesverfassungsgericht 2020 gekippt. Infolge des Urteils gab es in der evangelischen Kirche erneut eine kontroverse Diskussion \u00fcber die ethische Zul\u00e4ssigkeit dieser Form von Sterbehilfe. Die katholische Kirche bef\u00fcrwortet in der aktuellen Debatte den Vorschlag der Gruppe um Castellucci und Heveling.<\/p>\n<\/p><\/div>\n","protected":false},"excerpt":{"rendered":"<p>Der Bundestag soll laut aktueller Tagesordnung am Donnerstag kommender Woche dar\u00fcber entscheiden, wie nach einem grundlegenden Urteil des Bundesverfassungsgerichts die<\/p>\n","protected":false},"author":1,"featured_media":5790,"comment_status":"closed","ping_status":"closed","sticky":false,"template":"","format":"standard","meta":{"footnotes":""},"categories":[20],"tags":[],"_links":{"self":[{"href":"https:\/\/krankenhauspfarramt.de\/index.php\/wp-json\/wp\/v2\/posts\/5789"}],"collection":[{"href":"https:\/\/krankenhauspfarramt.de\/index.php\/wp-json\/wp\/v2\/posts"}],"about":[{"href":"https:\/\/krankenhauspfarramt.de\/index.php\/wp-json\/wp\/v2\/types\/post"}],"author":[{"embeddable":true,"href":"https:\/\/krankenhauspfarramt.de\/index.php\/wp-json\/wp\/v2\/users\/1"}],"replies":[{"embeddable":true,"href":"https:\/\/krankenhauspfarramt.de\/index.php\/wp-json\/wp\/v2\/comments?post=5789"}],"version-history":[{"count":1,"href":"https:\/\/krankenhauspfarramt.de\/index.php\/wp-json\/wp\/v2\/posts\/5789\/revisions"}],"predecessor-version":[{"id":5791,"href":"https:\/\/krankenhauspfarramt.de\/index.php\/wp-json\/wp\/v2\/posts\/5789\/revisions\/5791"}],"wp:featuredmedia":[{"embeddable":true,"href":"https:\/\/krankenhauspfarramt.de\/index.php\/wp-json\/wp\/v2\/media\/5790"}],"wp:attachment":[{"href":"https:\/\/krankenhauspfarramt.de\/index.php\/wp-json\/wp\/v2\/media?parent=5789"}],"wp:term":[{"taxonomy":"category","embeddable":true,"href":"https:\/\/krankenhauspfarramt.de\/index.php\/wp-json\/wp\/v2\/categories?post=5789"},{"taxonomy":"post_tag","embeddable":true,"href":"https:\/\/krankenhauspfarramt.de\/index.php\/wp-json\/wp\/v2\/tags?post=5789"}],"curies":[{"name":"wp","href":"https:\/\/api.w.org\/{rel}","templated":true}]}}