{"id":5804,"date":"2023-07-04T10:01:55","date_gmt":"2023-07-04T10:01:55","guid":{"rendered":"https:\/\/krankenhauspfarramt.de\/index.php\/2023\/07\/04\/aktion-waermewinter-von-diakonie-und-kirche-gewinnt-preis-fuer-online-kommunikation-ekd\/"},"modified":"2023-07-04T10:01:57","modified_gmt":"2023-07-04T10:01:57","slug":"aktion-waermewinter-von-diakonie-und-kirche-gewinnt-preis-fuer-online-kommunikation-ekd","status":"publish","type":"post","link":"https:\/\/krankenhauspfarramt.de\/index.php\/2023\/07\/04\/aktion-waermewinter-von-diakonie-und-kirche-gewinnt-preis-fuer-online-kommunikation-ekd\/","title":{"rendered":"Aktion #w\u00e4rmewinter von Diakonie und Kirche gewinnt Preis f\u00fcr Online-Kommunikation \u2013 EKD"},"content":{"rendered":"<p> <br \/>\n<\/p>\n<div id=\"\">\n<div class=\"article--meta article--meta__border clearfix\">\n<p>                                    <time datetime=\"04.07.2023 11:00\" class=\"article--time\">04.07.2023<\/time><\/p>\n<p>                                     <strong class=\"article--type primus--overline\">Pressemitteilung<\/strong><\/p>\n<picture class=\"article--source-image image\"><source srcset=\"https:\/\/www.ekd.de\/ekd_de\/ds_img\/assets\/20170622_ekd-Quellenlogo_141_rdax_423x118.png\"><!--<source srcset=\"\/ekd_de\/ds_img\/assets\/20170622_ekd-Quellenlogo_141_rdax_141x39.png 1x, \/ekd_de\/ds_img\/assets\/20170622_ekd-Quellenlogo_141_rdax_282x78.png 2x, https:\/\/www.ekd.de\/ekd_de\/ds_img\/assets\/20170622_ekd-Quellenlogo_141_rdax_423x118.png 3x\">--><\/p>\n<p>    <\/source><\/picture>\n<\/p><\/div><\/div>\n<div id=\"\">\n<p class=\"EKDFlietext\"><span style=\"line-height:14pt\"><span style=\"border-color:initial; border-image:initial; border-width:initial\">Die Aktion #w\u00e4rmewinter hat in der Kategorie \u201eKampagne mit kleinem Budget\u201c den Deutschen Preis f\u00fcr Onlinekommunikation (DPOK) 2023 gewonnen. Der #w\u00e4rmewinter ist eine gemeinsame Kampagne der Evangelischen Kirche in Deutschland (EKD) und der Diakonie Deutschland. Angesichts der hohen Belastung vieler Menschen durch steigende Energie- und Lebensmittelpreise hatten Diakonie und Kirche im vergangenen Herbst den #w\u00e4rmewinter ausgerufen. Bundesweit \u00f6ffneten Kirchengemeinden und diakonische Einrichtungen ihre T\u00fcren und schufen in ganz Deutschland w\u00e4rmende Orte, an denen Betroffene Hilfe erhalten, sich aber auch \u00fcber ihre Rechte informieren k\u00f6nnen. So entstanden unter dem Dach der Kampagne Hunderte Angebote in ganz Deutschland. Der DPOK ist der wichtigste Digital Award im deutschsprachigen Raum und wurde am 30. Juni bei einer Galaveranstaltung in Berlin verliehen. Insgesamt gab es mehr als 500 Bewerbungen f\u00fcr den DPOK.<\/span><\/span><\/p>\n<p class=\"EKDFlietext\"><span style=\"line-height:14pt\"><strong>Annette Kurschus, Ratsvorsitzende der Evangelischen Kirche in Deutschland (EKD):<\/strong><\/span><\/p>\n<p class=\"EKDFlietext\"><span style=\"line-height:14pt\"><span style=\"border-color:initial; border-image:initial; border-width:initial\">\u201eDiese Auszeichnung macht sichtbar, was die Tausenden Helferinnen und Helfer im Winter auf die Beine gestellt haben. Ihnen und den vielen Menschen, die wir unterst\u00fctzen konnten, geb\u00fchrt dieser Preis. Denn mit vielen w\u00e4rmenden Orten haben sie \u00fcberall in Deutschland sichtbare Zeichen gesetzt gegen soziale K\u00e4lte und f\u00fcr gesellschaftlichen Zusammenhalt. Als Kirche sind wir dazu gerufen, unsere R\u00e4ume allen zu \u00f6ffnen, die Hilfe ben\u00f6tigen, und uns f\u00fcr die Menschen einzusetzen, deren Stimmen nicht geh\u00f6rt werden \u2013 nicht nur im Winter. Ich bin stolz auf diese vielen Aktionen und Initiativen und den wichtigen Beitrag, den sie leisten.\u201c<\/span><\/span><\/p>\n<p class=\"EKDFlietext\"><span style=\"line-height:14pt\"><strong>Ulrich Lilie, Pr\u00e4sident Diakonie Deutschland<\/strong>: <\/span><\/p>\n<p class=\"EKDFlietext\"><span style=\"line-height:14pt\"><span style=\"border-color:initial; border-image:initial; border-width:initial\">\u201e<\/span><span style=\"border-color:initial; border-image:initial; border-width:initial\">Ob Suppenk\u00fcche, Hilfe beim Ausf\u00fcllen b\u00fcrokratischer Antr\u00e4ge, direkte finanzielle Zusch\u00fcsse oder eine beheizte Spielkirche f\u00fcr Kinder: Der #w\u00e4rmewinter zeigt, dass der Kreativit\u00e4t keine Grenzen gesetzt sind, wenn es um Unterst\u00fctzung und Zusammenhalt geht. Gerade in Zeiten, in denen viele vermeintliche Gewissheiten ins Rutschen kommen und bei vielen Menschen Not und Verunsicherungen um sich greifen, sind bezahlte und nicht-bezahlte Profis ein nicht zu \u00fcbersch\u00e4tzender Schatz f\u00fcr diese Gesellschaft. Dieser Erfolg von #w\u00e4rmewinter ist ein tatkr\u00e4ftiger Beweis, dass viele tausende Engagierte aus der Zivilgesellschaft sehr viel \u00fcberzeugendere Antworten auf die Herausforderungen gefunden haben, als diejenigen, die lautsprecherisch einen Wutwinter ausrufen wollten, der nicht stattgefunden hat. Investitionen in eine verl\u00e4ssliche soziale Infrastruktur und verl\u00e4ssliche und vielf\u00e4ltige Engagementf\u00f6rderung f\u00fcr alle Altersgruppen bleiben darum das politische Gebot der Stunde.\u201c<\/span><\/span><\/p>\n<p class=\"EKDFlietext\"><span style=\"line-height:14pt\"><strong>Hintergrund<\/strong><\/span><\/p>\n<p class=\"EKDFlietext\"><span style=\"line-height:14pt\"><span style=\"border-color:initial; border-image:initial; border-width:initial\">Die Evangelische Kirche in Deutschland (EKD) und die Diakonie Deutschland haben mit der Aktion #w\u00e4rmewinter ein dichtes Netz gegen soziale K\u00e4lte und f\u00fcr mehr Zusammenhalt gekn\u00fcpft. Die Angebote reichten vom Eltern-Kind-Caf\u00e9 in Bremen bis zum \u201eNacht-Caf\u00e9\u201c in Dresden, von der hei\u00dfen Suppe in Hanau bis zur Energieberatung in M\u00fcnchen. Mitfinanziert wurden viele #w\u00e4rmewinter-Aktionen durch die zus\u00e4tzlichen Kirchensteuereinnahmen aus der Energiepreispauschale. Dieses Geld stellten Landeskirchen f\u00fcr die Arbeit mit von Energiearmut betroffenen Menschen zur Verf\u00fcgung. Zur Kampagnenseite: <\/span><span style=\"border-color:initial; border-image:initial; border-width:initial\">www.waermewinter.de<\/span><\/span><\/p>\n<p class=\"EKDFlietext\"><span style=\"line-height:14pt\"><strong>Kontakt: <\/strong><\/span><\/p>\n<p class=\"EKDFlietext\"><span style=\"line-height:14pt\">Kathrin Klinkusch, Pressesprecherin Diakonie Deutschland, Tel. <span lang=\"PT\">+49 30 65211-1780, E-Mail: pressestelle@diakonie.de;\u00a0<\/span><\/span><span style=\"line-height:14pt\"><span lang=\"PT\">www.diakonie.de <\/span><\/span><\/p>\n<p class=\"EKDFlietext\"><span style=\"line-height:14pt\">Carsten Splitt, Evangelische Kirche in Deutschland (EKD), Tel. <span lang=\"PT\">+ 49 511-2769-268, E-Mail: presse@ekd.de, <\/span><span lang=\"PT\" style=\"border-color:initial\">www.ekd.de<\/span><\/span><\/p>\n<p class=\"EKDFlietext\"><span style=\"line-height:14pt\">Bei R\u00fcckfragen oder zur Vereinbarung von Interviews stehen wir Ihnen gerne zur Verf\u00fcgung.<\/span><\/p>\n<p>Hannover\/Berlin, 4. Juli 2023<\/p>\n<p>Pressestelle der EKD<\/p>\n<\/div>\n","protected":false},"excerpt":{"rendered":"<p>04.07.2023 Pressemitteilung Die Aktion #w\u00e4rmewinter hat in der Kategorie \u201eKampagne mit kleinem Budget\u201c den Deutschen Preis f\u00fcr Onlinekommunikation (DPOK) 2023<\/p>\n","protected":false},"author":1,"featured_media":5487,"comment_status":"closed","ping_status":"closed","sticky":false,"template":"","format":"standard","meta":{"footnotes":""},"categories":[20],"tags":[],"_links":{"self":[{"href":"https:\/\/krankenhauspfarramt.de\/index.php\/wp-json\/wp\/v2\/posts\/5804"}],"collection":[{"href":"https:\/\/krankenhauspfarramt.de\/index.php\/wp-json\/wp\/v2\/posts"}],"about":[{"href":"https:\/\/krankenhauspfarramt.de\/index.php\/wp-json\/wp\/v2\/types\/post"}],"author":[{"embeddable":true,"href":"https:\/\/krankenhauspfarramt.de\/index.php\/wp-json\/wp\/v2\/users\/1"}],"replies":[{"embeddable":true,"href":"https:\/\/krankenhauspfarramt.de\/index.php\/wp-json\/wp\/v2\/comments?post=5804"}],"version-history":[{"count":1,"href":"https:\/\/krankenhauspfarramt.de\/index.php\/wp-json\/wp\/v2\/posts\/5804\/revisions"}],"predecessor-version":[{"id":5805,"href":"https:\/\/krankenhauspfarramt.de\/index.php\/wp-json\/wp\/v2\/posts\/5804\/revisions\/5805"}],"wp:featuredmedia":[{"embeddable":true,"href":"https:\/\/krankenhauspfarramt.de\/index.php\/wp-json\/wp\/v2\/media\/5487"}],"wp:attachment":[{"href":"https:\/\/krankenhauspfarramt.de\/index.php\/wp-json\/wp\/v2\/media?parent=5804"}],"wp:term":[{"taxonomy":"category","embeddable":true,"href":"https:\/\/krankenhauspfarramt.de\/index.php\/wp-json\/wp\/v2\/categories?post=5804"},{"taxonomy":"post_tag","embeddable":true,"href":"https:\/\/krankenhauspfarramt.de\/index.php\/wp-json\/wp\/v2\/tags?post=5804"}],"curies":[{"name":"wp","href":"https:\/\/api.w.org\/{rel}","templated":true}]}}