{"id":5826,"date":"2023-07-10T06:10:53","date_gmt":"2023-07-10T06:10:53","guid":{"rendered":"https:\/\/krankenhauspfarramt.de\/index.php\/2023\/07\/10\/schleppender-wiederaufbau-erschoepft-flutgeschaedigte-ekd\/"},"modified":"2023-07-10T06:10:55","modified_gmt":"2023-07-10T06:10:55","slug":"schleppender-wiederaufbau-erschoepft-flutgeschaedigte-ekd","status":"publish","type":"post","link":"https:\/\/krankenhauspfarramt.de\/index.php\/2023\/07\/10\/schleppender-wiederaufbau-erschoepft-flutgeschaedigte-ekd\/","title":{"rendered":"Schleppender Wiederaufbau ersch\u00f6pft Flutgesch\u00e4digte \u2013 EKD"},"content":{"rendered":"<p> <br \/>\n<\/p>\n<div>\n<p>\u201eBei den Familien, wo der Wiederaufbau nicht vorangeht, sehen wir eine gro\u00dfe Ersch\u00f6pfung\u201c, best\u00e4tigt Anne Ernst, Bereichsleiterin Krisenmanagement und Nothilfe bei der Johanniter-Unfall-Hilfe. Die Johanniter und andere Hilfsorganisationen sind nach wie vor mit zahlreichen Projekten in den Flutgebieten aktiv. Psychosoziale Angebote wie Gespr\u00e4chskreise oder Treffpunkte seien auch zwei Jahre nach der Flut sehr gefragt, sagt Ernst. Stefan Bergner von der Hochwasserseelsorge der Diakonie Katastrophenhilfe im Ahrtal und im Kreis Euskirchen kann das best\u00e4tigen. Sein Seelsorge-Team verzeichnet derzeit sogar eine steigende Nachfrage nach Seelsorge-Gespr\u00e4chen und Psychotherapie.<\/p>\n<p>Viele Betroffene seien belastet durch langwierige Antragsverfahren f\u00fcr die staatliche Wiederaufbauhilfe, wei\u00df Ernst. Bergner beobachtet auch, dass Auseinandersetzungen mit Versicherungen viele Flutopfer zerm\u00fcrben. \u201eEs ist ein Lotterie-Spiel\u201c, berichtet etwa Gabi Gasper. Denn sie m\u00fcsse f\u00fcr die Renovierung ihres Elternhauses einerseits Arbeiten beauftragen, die sich in den vergangenen zwei Jahren enorm verteuert h\u00e4tten. Andererseits habe sie keine verl\u00e4ssliche Zusage, dass die Versicherung das am Ende auch \u00fcbernehme.<\/p>\n<p>Trotz der Geldsorgen vieler Betroffener blieben die Spendenmittel derzeit liegen, klagen Hilfsorganisationen. \u201eIch w\u00fcrde mir w\u00fcnschen, dass mehr Betroffene in die Beratungsstellen k\u00e4men, um die Mittel zu beantragen\u201c, sagt Manuela Ro\u00dfbach, Gesch\u00e4ftsf\u00fchrende Vorst\u00e4ndin der Aktion Deutschland Hilft. In dem B\u00fcndnis sind in den Flutgebieten t\u00e4tige Hilfsorganisationen zusammengeschlossen, darunter Johanniter, Malteser oder die Arbeiterwohlfahrt (AWO).<\/p>\n<p>Von den 283 Millionen Euro Spenden, die die Aktion Deutschland Hilft f\u00fcr die Flut-Opfer eingesammelt hat, sind in den vergangenen 22 Monaten bislang 184 Millionen Euro in Hilfsma\u00dfnahmen geflossen. Das Geld ging nicht nur in Soforthilfen, sondern etwa auch an Vereine und in zahlreiche Projekte, mit denen die B\u00fcndnisorganisationen bis heute vor Ort Beratung und Unterst\u00fctzung leisten. Von Anfang an sei geplant gewesen, einen Teil der Spendengelder f\u00fcr die kostenintensive Wiederaufbauhilfe zur\u00fcckzuhalten, sagt Ro\u00dfbach. Doch nun stockt die Aussch\u00fcttung.<\/p>\n<p>\u201eDie Ersch\u00f6pfung h\u00e4lt sicher den ein oder anderen davon ab, Antr\u00e4ge bei den Hilfsorganisationen zu stellen\u201c, vermutet Ernst. \u201eViele wissen auch immer noch nicht, dass sie Anspruch auf Spendengelder haben\u201c, sagt Christian G\u00f6rg, Regionalvorstand der Johanniter am Mittelrhein, der seit der Flut im Ahrtal unterwegs ist. Mit Zeitungsanzeigen oder Infost\u00e4nden werben die Hilfsorganisationen darum, dass Betroffene in die Fluthilfeb\u00fcros kommen, um sich beim Antrag auf Spendengelder unterst\u00fctzen zu lassen. Bis Ende September ist auch eine Hotline f\u00fcr Ratsuchende geschaltet.<\/p>\n<p>Das Problem sei das langwierige Verfahren, das der Auszahlung von Spendengeldern vorausgehe, wei\u00df G\u00f6rg. Die Betroffenen m\u00fcssen zuvor Antr\u00e4ge bei Versicherungen oder auf Hilfen vom Staat stellen. Dazu muss in einem Gutachten der gesamte Schaden festgestellt und die Summe f\u00fcr die Wiederaufbauhilfe von maximal 80 Prozent berechnet werden. F\u00fcr die verbleibenden 20 Prozent Eigenanteil k\u00f6nnen die Betroffenen Spendengelder beantragen. Doch es mangelt nach wie vor an Gutachtern. Und was tun, wenn sich wie im Fall von Gabi Gaspers Elternhaus das Schadensgutachten der Versicherung als unvollst\u00e4ndig entpuppt?<\/p>\n<p>\u201eIch habe jegliches Vertrauen verloren\u201c, sagt die Altenburgerin. Dennoch bleibt ihr die Hoffnung, eines Tages wieder in einem intakten Ort leben zu k\u00f6nnen. \u201eEs ist sch\u00f6n zu sehen, wenn in dem ein oder anderen Haus schon wieder Licht brennt und man wei\u00df: Da haben es Nachbarn schon geschafft.\u201c<\/p>\n<p style=\"text-align:right\"><em>Von Claudia Rometsch (epd)<\/em><\/p>\n<\/p><\/div>\n","protected":false},"excerpt":{"rendered":"<p>\u201eBei den Familien, wo der Wiederaufbau nicht vorangeht, sehen wir eine gro\u00dfe Ersch\u00f6pfung\u201c, best\u00e4tigt Anne Ernst, Bereichsleiterin Krisenmanagement und Nothilfe<\/p>\n","protected":false},"author":1,"featured_media":5827,"comment_status":"closed","ping_status":"closed","sticky":false,"template":"","format":"standard","meta":{"footnotes":""},"categories":[20],"tags":[],"_links":{"self":[{"href":"https:\/\/krankenhauspfarramt.de\/index.php\/wp-json\/wp\/v2\/posts\/5826"}],"collection":[{"href":"https:\/\/krankenhauspfarramt.de\/index.php\/wp-json\/wp\/v2\/posts"}],"about":[{"href":"https:\/\/krankenhauspfarramt.de\/index.php\/wp-json\/wp\/v2\/types\/post"}],"author":[{"embeddable":true,"href":"https:\/\/krankenhauspfarramt.de\/index.php\/wp-json\/wp\/v2\/users\/1"}],"replies":[{"embeddable":true,"href":"https:\/\/krankenhauspfarramt.de\/index.php\/wp-json\/wp\/v2\/comments?post=5826"}],"version-history":[{"count":1,"href":"https:\/\/krankenhauspfarramt.de\/index.php\/wp-json\/wp\/v2\/posts\/5826\/revisions"}],"predecessor-version":[{"id":5828,"href":"https:\/\/krankenhauspfarramt.de\/index.php\/wp-json\/wp\/v2\/posts\/5826\/revisions\/5828"}],"wp:featuredmedia":[{"embeddable":true,"href":"https:\/\/krankenhauspfarramt.de\/index.php\/wp-json\/wp\/v2\/media\/5827"}],"wp:attachment":[{"href":"https:\/\/krankenhauspfarramt.de\/index.php\/wp-json\/wp\/v2\/media?parent=5826"}],"wp:term":[{"taxonomy":"category","embeddable":true,"href":"https:\/\/krankenhauspfarramt.de\/index.php\/wp-json\/wp\/v2\/categories?post=5826"},{"taxonomy":"post_tag","embeddable":true,"href":"https:\/\/krankenhauspfarramt.de\/index.php\/wp-json\/wp\/v2\/tags?post=5826"}],"curies":[{"name":"wp","href":"https:\/\/api.w.org\/{rel}","templated":true}]}}