{"id":5829,"date":"2023-07-10T10:22:27","date_gmt":"2023-07-10T10:22:27","guid":{"rendered":"https:\/\/krankenhauspfarramt.de\/index.php\/2023\/07\/10\/schum-staedte-wollen-juedisch-christliches-miteinander-aufzeigen-ekd\/"},"modified":"2023-07-10T10:22:29","modified_gmt":"2023-07-10T10:22:29","slug":"schum-staedte-wollen-juedisch-christliches-miteinander-aufzeigen-ekd","status":"publish","type":"post","link":"https:\/\/krankenhauspfarramt.de\/index.php\/2023\/07\/10\/schum-staedte-wollen-juedisch-christliches-miteinander-aufzeigen-ekd\/","title":{"rendered":"SchUM-St\u00e4dte wollen j\u00fcdisch-christliches Miteinander aufzeigen \u2013 EKD"},"content":{"rendered":"<p> <br \/>\n<\/p>\n<div>\n<p>In den drei Domst\u00e4dten am Rhein seien in Wechselwirkung zwischen j\u00fcdischer und christlicher Bev\u00f6lkerung eine einzigartige Architektur erbaut und Br\u00e4uche entwickelt worden, sagte die Oberb\u00fcrgermeisterin. Diese dienten dem mittel- und osteurop\u00e4ischen (aschkenasischen) Judentum bis heute als ma\u00dfgebliche Richtlinie. In wichtigen Phasen der Speyerer Stadtgeschichte habe es \u201eein gutes und auch sehr konstruktives Miteinander zwischen christlicher und j\u00fcdischer Gemeinde\u201c gegeben, sagte Seiler.<\/p>\n<p>Die Vereinsst\u00e4dte seien bisher nicht das Ziel antisemitischer Anfeindungen aufgrund ihres Engagements f\u00fcr ihre j\u00fcdische Geschichte und Kultur gewesen. Vielmehr seien die Besucherinnen und Besucher \u201esehr interessiert, mehr \u00fcber diesen Teil der deutschen Geschichte zu erfahren, der vielen noch nicht bekannt ist\u201c, sagte Seiler. In Speyer plane der Verein ein Besuchszentrum, gesucht werde zudem eine neue Gesch\u00e4ftsf\u00fchrung.<\/p>\n<p>Tr\u00e4ger des im Jahr 2014 gegr\u00fcndeten Vereins \u201eSchUM-St\u00e4dte Speyer, Worms, Mainz\u201c mit Sitz in Worms sind das Land Rheinland-Pfalz, die St\u00e4dte Speyer, Worms und Mainz, die J\u00fcdische Gemeinde Mainz, die J\u00fcdische Kultusgemeinde der Rheinpfalz und der Landesverband der J\u00fcdischen Gemeinden von Rheinland-Pfalz. Der Name \u201eSchUM\u201c leitet sich aus den Anfangsbuchstaben der hebr\u00e4ischen Namen Schpira (Speyer), Warmaisa (Worms) und Magenza (Mainz) her. Seit 2021 geh\u00f6ren der Speyerer Judenhof, der Wormser Synagogenbezirk sowie die alten j\u00fcdischen Friedh\u00f6fe in Worms und in Mainz zum Unesco-Weltkulturerbe.<\/p>\n<p class=\"md-authorline\" style=\"margin-left:0cm; margin-right:0cm; text-align:right\"><em>epd-Gespr\u00e4ch: Alexander Lang<\/em><\/p>\n<\/p><\/div>\n","protected":false},"excerpt":{"rendered":"<p>In den drei Domst\u00e4dten am Rhein seien in Wechselwirkung zwischen j\u00fcdischer und christlicher Bev\u00f6lkerung eine einzigartige Architektur erbaut und Br\u00e4uche<\/p>\n","protected":false},"author":1,"featured_media":5830,"comment_status":"closed","ping_status":"closed","sticky":false,"template":"","format":"standard","meta":{"footnotes":""},"categories":[20],"tags":[],"_links":{"self":[{"href":"https:\/\/krankenhauspfarramt.de\/index.php\/wp-json\/wp\/v2\/posts\/5829"}],"collection":[{"href":"https:\/\/krankenhauspfarramt.de\/index.php\/wp-json\/wp\/v2\/posts"}],"about":[{"href":"https:\/\/krankenhauspfarramt.de\/index.php\/wp-json\/wp\/v2\/types\/post"}],"author":[{"embeddable":true,"href":"https:\/\/krankenhauspfarramt.de\/index.php\/wp-json\/wp\/v2\/users\/1"}],"replies":[{"embeddable":true,"href":"https:\/\/krankenhauspfarramt.de\/index.php\/wp-json\/wp\/v2\/comments?post=5829"}],"version-history":[{"count":1,"href":"https:\/\/krankenhauspfarramt.de\/index.php\/wp-json\/wp\/v2\/posts\/5829\/revisions"}],"predecessor-version":[{"id":5831,"href":"https:\/\/krankenhauspfarramt.de\/index.php\/wp-json\/wp\/v2\/posts\/5829\/revisions\/5831"}],"wp:featuredmedia":[{"embeddable":true,"href":"https:\/\/krankenhauspfarramt.de\/index.php\/wp-json\/wp\/v2\/media\/5830"}],"wp:attachment":[{"href":"https:\/\/krankenhauspfarramt.de\/index.php\/wp-json\/wp\/v2\/media?parent=5829"}],"wp:term":[{"taxonomy":"category","embeddable":true,"href":"https:\/\/krankenhauspfarramt.de\/index.php\/wp-json\/wp\/v2\/categories?post=5829"},{"taxonomy":"post_tag","embeddable":true,"href":"https:\/\/krankenhauspfarramt.de\/index.php\/wp-json\/wp\/v2\/tags?post=5829"}],"curies":[{"name":"wp","href":"https:\/\/api.w.org\/{rel}","templated":true}]}}