{"id":5845,"date":"2023-07-14T02:13:55","date_gmt":"2023-07-14T02:13:55","guid":{"rendered":"https:\/\/krankenhauspfarramt.de\/index.php\/2023\/07\/14\/diakonie-unterstuetzt-betroffene-des-hochwassers-bis-mindestens-2025-ekd\/"},"modified":"2023-07-14T02:13:57","modified_gmt":"2023-07-14T02:13:57","slug":"diakonie-unterstuetzt-betroffene-des-hochwassers-bis-mindestens-2025-ekd","status":"publish","type":"post","link":"https:\/\/krankenhauspfarramt.de\/index.php\/2023\/07\/14\/diakonie-unterstuetzt-betroffene-des-hochwassers-bis-mindestens-2025-ekd\/","title":{"rendered":"Diakonie unterst\u00fctzt Betroffene des Hochwassers bis mindestens 2025 \u2013 EKD"},"content":{"rendered":"<p> <br \/>\n<\/p>\n<div>\n<p>F\u00fcr den sozialen Wiederaufbau in D\u00f6rfern und Gemeinschaften sind laut Diakonie Katastrophenhilfe Rheinland-Westfalen-Lippe 4,2 Millionen Euro bis 2025 eingeplant. Beim sogenannten Quartiersmanagement sollen die Katastrophenvorsorge und die Klimafolgenanpassung eine st\u00e4rkere Rolle spielen. \u201eIm Moment einer Katastrophe braucht es funktionierende lokale Strukturen\u201c, betonte Ke\u00dfler. Niemand k\u00f6nne ausschlie\u00dfen, dass sich solche Unwetter wie 2021 wiederholen, aber gemeinsam k\u00f6nne mehr getan werden, damit sich eine Katastrophe wie 2021 nicht wiederhole.<\/p>\n<p>Am 14. und 15. Juli 2021 hatten Starkregenf\u00e4lle in gro\u00dfen Teilen von Rheinland-Pfalz und in Nordrhein-Westfalen zu \u00dcberschwemmungen gef\u00fchrt. Mehr als 180 Menschen waren dabei ums Leben gekommen. Besonders stark betroffen war das Ahrtal.<\/p>\n<\/p><\/div>\n","protected":false},"excerpt":{"rendered":"<p>F\u00fcr den sozialen Wiederaufbau in D\u00f6rfern und Gemeinschaften sind laut Diakonie Katastrophenhilfe Rheinland-Westfalen-Lippe 4,2 Millionen Euro bis 2025 eingeplant. Beim<\/p>\n","protected":false},"author":1,"featured_media":5846,"comment_status":"closed","ping_status":"closed","sticky":false,"template":"","format":"standard","meta":{"footnotes":""},"categories":[20],"tags":[],"_links":{"self":[{"href":"https:\/\/krankenhauspfarramt.de\/index.php\/wp-json\/wp\/v2\/posts\/5845"}],"collection":[{"href":"https:\/\/krankenhauspfarramt.de\/index.php\/wp-json\/wp\/v2\/posts"}],"about":[{"href":"https:\/\/krankenhauspfarramt.de\/index.php\/wp-json\/wp\/v2\/types\/post"}],"author":[{"embeddable":true,"href":"https:\/\/krankenhauspfarramt.de\/index.php\/wp-json\/wp\/v2\/users\/1"}],"replies":[{"embeddable":true,"href":"https:\/\/krankenhauspfarramt.de\/index.php\/wp-json\/wp\/v2\/comments?post=5845"}],"version-history":[{"count":1,"href":"https:\/\/krankenhauspfarramt.de\/index.php\/wp-json\/wp\/v2\/posts\/5845\/revisions"}],"predecessor-version":[{"id":5847,"href":"https:\/\/krankenhauspfarramt.de\/index.php\/wp-json\/wp\/v2\/posts\/5845\/revisions\/5847"}],"wp:featuredmedia":[{"embeddable":true,"href":"https:\/\/krankenhauspfarramt.de\/index.php\/wp-json\/wp\/v2\/media\/5846"}],"wp:attachment":[{"href":"https:\/\/krankenhauspfarramt.de\/index.php\/wp-json\/wp\/v2\/media?parent=5845"}],"wp:term":[{"taxonomy":"category","embeddable":true,"href":"https:\/\/krankenhauspfarramt.de\/index.php\/wp-json\/wp\/v2\/categories?post=5845"},{"taxonomy":"post_tag","embeddable":true,"href":"https:\/\/krankenhauspfarramt.de\/index.php\/wp-json\/wp\/v2\/tags?post=5845"}],"curies":[{"name":"wp","href":"https:\/\/api.w.org\/{rel}","templated":true}]}}