{"id":5851,"date":"2023-07-14T11:09:00","date_gmt":"2023-07-14T11:09:00","guid":{"rendered":"https:\/\/krankenhauspfarramt.de\/index.php\/2023\/07\/14\/kuehle-kirchen-bieten-hitzeschutz-ekd\/"},"modified":"2023-07-14T11:09:07","modified_gmt":"2023-07-14T11:09:07","slug":"kuehle-kirchen-bieten-hitzeschutz-ekd","status":"publish","type":"post","link":"https:\/\/krankenhauspfarramt.de\/index.php\/2023\/07\/14\/kuehle-kirchen-bieten-hitzeschutz-ekd\/","title":{"rendered":"K\u00fchle Kirchen bieten Hitzeschutz \u2013 EKD"},"content":{"rendered":"<p> <br \/>\n<\/p>\n<div id=\"\">\n<div class=\"article--meta article--meta__border clearfix\">\n<p>                                    <time datetime=\"14.07.2023 10:00\" class=\"article--time\">14.07.2023<\/time><\/p>\n<p>                                     <strong class=\"article--type primus--overline\">Pressemitteilung<\/strong><\/p>\n<picture class=\"article--source-image image\"><source srcset=\"https:\/\/www.ekd.de\/ekd_de\/ds_img\/assets\/20170622_ekd-Quellenlogo_141_rdax_423x118.png\"><!--<source srcset=\"\/ekd_de\/ds_img\/assets\/20170622_ekd-Quellenlogo_141_rdax_141x39.png 1x, \/ekd_de\/ds_img\/assets\/20170622_ekd-Quellenlogo_141_rdax_282x78.png 2x, https:\/\/www.ekd.de\/ekd_de\/ds_img\/assets\/20170622_ekd-Quellenlogo_141_rdax_423x118.png 3x\">--><\/p>\n<p>    <\/source><\/picture>\n<\/p><\/div>\n<h2 class=\"article--sub-headline primus--sub-headline\">EKD-Ratsvorsitzende und Diakonie-Chef rufen Kirchengemeinden und Einrichtungen auf, Menschen Schutz vor Hitze anzubieten<\/h2>\n<\/p><\/div>\n<div id=\"\">\n<p>Angesichts der aktuellen Hitzewellen rufen die Evangelische Kirche in Deutschland und die Diakonie Deutschland ihre Gemeinden und Einrichtungen auf, Kirchengeb\u00e4ude und andere k\u00fchle R\u00e4ume als Abk\u00fchlungsorte zur Verf\u00fcgung zu stellen. \u201eKirchen sind durch ihre bauliche Beschaffenheit und ohne den Einsatz von K\u00fchltechnik h\u00e4ufig die k\u00fchlsten Orte in Stadt und Land. In den bevorstehenden Sommertagen k\u00f6nnen diese Geb\u00e4ude Menschen Schutz vor Hitze bieten\u201c, so die Ratsvorsitzende der EKD, Annette Kurschus. \u201eGerne m\u00f6chten wir m\u00f6glichst viele unserer Geb\u00e4ude als Schutzr\u00e4ume \u00f6ffnen. Dabei k\u00f6nnen wir auf Kirchr\u00e4ume zur\u00fcckgreifen, die zentral liegen und durch ihre Beschaffenheit auch bei hohen Au\u00dfentemperaturen ohne zus\u00e4tzlichen Energiebedarf dauerhaft k\u00fchl bleiben\u201c, so die Ratsvorsitzende. \u201eMit unseren k\u00fchlen Kirchen in Stadt und Land k\u00f6nnen wir gleichzeitig zum Gesundheits- wie zum Klimaschutz beitragen. Diesen Schatz m\u00f6chten wir mit m\u00f6glichst vielen teilen, die von Hitze geplagt sind oder auch nur eine kurze Abk\u00fchlungspause brauchen.\u201c<\/p>\n<p>Diakonie-Pr\u00e4sident Ulrich Lilie: \u201eMit unseren diakonischen Einrichtungen wie der Wohnungslosenhilfe sind wir auch bei Hitze f\u00fcr die Menschen da. Hier ist aber auch jeder Einzelne gefragt: Schauen Sie hin, wenn Sie jemanden auf der Stra\u00dfe sitzen sehen, und fragen, ob er oder sie Hilfe braucht. Ich w\u00fcrde mich sehr freuen, wenn \u00fcberall in Deutschland Orte und Gesten der Mitmenschlichkeit entstehen.\u201c<\/p>\n<p>Unter dem Motto \u201eOffene Kirchen\u201c gibt es bereits seit vielen Jahren bundesweit Initiativen, mehr Kirchen verl\u00e4sslich zu \u00f6ffnen. Standen dabei zun\u00e4chst die Nutzung f\u00fcr Andacht und Gebet sowie das touristische Interesse im Mittelpunkt, r\u00fcckten in den vergangenen Jahren angesichts der Folgen des Klimawandels auch der Schutz vor Hitze und K\u00e4lte in den Mittelpunkt. Im Rahmen der Aktion #w\u00e4rmewinter hatten Kirche und Diakonie im vergangenen Winter bundesweit beheizte R\u00e4ume als Zufluchtsorte f\u00fcr Menschen zur Verf\u00fcgung gestellt, die durch steigende Energie- und Lebensmittelpreise belastet waren.<\/p>\n<p>Auch gegen hitzebedingte Belastungen wie Dehydrierung, Hitzschlag und Herz-Kreislauf-Erkrankungen setzen zahlreiche Landeskirchen bereits jetzt ein Zeichen. Zuletzt hatte die Evangelische Kirche in Mitteldeutschland ihre Gemeinden aufgerufen, Schutz vor Hitze zu bieten. \u201eDer Klimawandel und die damit einhergehende globale Erw\u00e4rmung haben eine Zunahme an extremen Wetterereignissen, wie Hitzeperioden, zur Folge\u201c, hei\u00dft es in einem Schreiben der Landeskirche. \u201eUm die Gesundheit der Menschen zu sch\u00fctzen, m\u00fcssen Pr\u00e4ventionsma\u00dfnahmen auf verschiedenen Ebenen initiiert werden.\u201c<\/p>\n<p>Kontakt:\u00a0<br \/>Verena G\u00f6tze, stv. Pressesprecherin Diakonie Deutschland, Tel. +49 30 65211-1780, E-Mail: verena.goetze@diakonie.de, www.diakonie.de<\/p>\n<p>Carsten Splitt, Evangelische Kirche in Deutschland (EKD), Tel. + 49 511-2769-268,\u00a0<br \/>E-Mail: presse@ekd.de, www.ekd.de<\/p>\n<p>Hannover\/Berlin, 14. Juli 2023<\/p>\n<p>Pressestelle der EKD<br \/>Carsten Splitt<br \/>\u00a0<\/p>\n<\/div>\n","protected":false},"excerpt":{"rendered":"<p>14.07.2023 Pressemitteilung EKD-Ratsvorsitzende und Diakonie-Chef rufen Kirchengemeinden und Einrichtungen auf, Menschen Schutz vor Hitze anzubieten Angesichts der aktuellen Hitzewellen rufen<\/p>\n","protected":false},"author":1,"featured_media":5852,"comment_status":"closed","ping_status":"closed","sticky":false,"template":"","format":"standard","meta":{"footnotes":""},"categories":[20],"tags":[],"_links":{"self":[{"href":"https:\/\/krankenhauspfarramt.de\/index.php\/wp-json\/wp\/v2\/posts\/5851"}],"collection":[{"href":"https:\/\/krankenhauspfarramt.de\/index.php\/wp-json\/wp\/v2\/posts"}],"about":[{"href":"https:\/\/krankenhauspfarramt.de\/index.php\/wp-json\/wp\/v2\/types\/post"}],"author":[{"embeddable":true,"href":"https:\/\/krankenhauspfarramt.de\/index.php\/wp-json\/wp\/v2\/users\/1"}],"replies":[{"embeddable":true,"href":"https:\/\/krankenhauspfarramt.de\/index.php\/wp-json\/wp\/v2\/comments?post=5851"}],"version-history":[{"count":1,"href":"https:\/\/krankenhauspfarramt.de\/index.php\/wp-json\/wp\/v2\/posts\/5851\/revisions"}],"predecessor-version":[{"id":5853,"href":"https:\/\/krankenhauspfarramt.de\/index.php\/wp-json\/wp\/v2\/posts\/5851\/revisions\/5853"}],"wp:featuredmedia":[{"embeddable":true,"href":"https:\/\/krankenhauspfarramt.de\/index.php\/wp-json\/wp\/v2\/media\/5852"}],"wp:attachment":[{"href":"https:\/\/krankenhauspfarramt.de\/index.php\/wp-json\/wp\/v2\/media?parent=5851"}],"wp:term":[{"taxonomy":"category","embeddable":true,"href":"https:\/\/krankenhauspfarramt.de\/index.php\/wp-json\/wp\/v2\/categories?post=5851"},{"taxonomy":"post_tag","embeddable":true,"href":"https:\/\/krankenhauspfarramt.de\/index.php\/wp-json\/wp\/v2\/tags?post=5851"}],"curies":[{"name":"wp","href":"https:\/\/api.w.org\/{rel}","templated":true}]}}