{"id":5875,"date":"2023-07-21T13:02:02","date_gmt":"2023-07-21T13:02:02","guid":{"rendered":"https:\/\/krankenhauspfarramt.de\/index.php\/2023\/07\/21\/neues-programm-des-theologischen-studienseminars-in-pullach-reagiert-auf-gestiegene-nachfrage-ekd\/"},"modified":"2023-07-21T13:02:05","modified_gmt":"2023-07-21T13:02:05","slug":"neues-programm-des-theologischen-studienseminars-in-pullach-reagiert-auf-gestiegene-nachfrage-ekd","status":"publish","type":"post","link":"https:\/\/krankenhauspfarramt.de\/index.php\/2023\/07\/21\/neues-programm-des-theologischen-studienseminars-in-pullach-reagiert-auf-gestiegene-nachfrage-ekd\/","title":{"rendered":"Neues Programm des Theologischen Studienseminars in Pullach reagiert auf gestiegene Nachfrage \u2013 EKD"},"content":{"rendered":"<p> <br \/>\n<\/p>\n<div id=\"\">\n<div class=\"article--meta article--meta__border clearfix\">\n<p>                                    <time datetime=\"21.07.2023 11:00\" class=\"article--time\">21.07.2023<\/time><\/p>\n<p>                                     <strong class=\"article--type primus--overline\">Pressemitteilung<\/strong><\/p>\n<picture class=\"article--source-image image\"><source srcset=\"https:\/\/www.ekd.de\/ekd_de\/ds_img\/assets\/velkd.jpg\"><!--<source srcset=\"\/ekd_de\/ds_img\/assets\/velkd_rdax_141x141.jpg 1x, \/ekd_de\/ds_img\/assets\/velkd_rdax_282x282.jpg 2x, https:\/\/www.ekd.de\/ekd_de\/ds_img\/assets\/velkd.jpg 3x\">--><\/p>\n<p>    <\/source><\/picture>\n<\/p><\/div><\/div>\n<div id=\"\">\n<p><span style=\"letter-spacing:-.2pt\">Ein neuer Rekord: Mit \u00fcber 30 Veranstaltungen f\u00fcr Pfarrer:innen, Kirchenleitende und Ehrenamtliche f\u00e4llt das aktuelle Jahresprogramm des Theologischen Studienseminars der VELKD in Pullach so vielf\u00e4ltig aus wie noch nie. Damit reagiert die Studienleitung auch auf die gestiegene Nachfrage: Im vergangenen Jahr konnten 1128 Teilnehmende f\u00fcr die Vor-Ort- und Online-Kurse gewonnen werden.<\/span><\/p>\n<p>\u201eTats\u00e4chlich wurde 2022 insgesamt mehr Fortbildung nachgefragt als im letzten Jahr vor der Corona-Krise\u201c, sagt Dr. Detlef Dieckmann, Rektor des Studienseminars. Die Vor-Ort-Kurse, teilweise bis zu zwei Wochen lang, sind nach wie vor eine feste St\u00fctze im Programm. \u201eEs zeichnet sich jedoch ab, dass j\u00fcngere Interessent:innen k\u00fcrzere Zeitr\u00e4ume bis zu einer Woche bevorzugen. Dem tragen wir im neuen Programm Rechnung.\u201c Von den kostenlosen Online-Angeboten haben sich die Predigtimpulse, die Kurse in Hebr\u00e4isch sowie der Online-Kacheltalk zu einem aktuellen Thema bew\u00e4hrt.<\/p>\n<p>Das neue Kursprogramm ist \u00fcbersichtlich f\u00fcr die verschiedenen Zielgruppen der haupt-, neben- oder ehrenamtlich f\u00fcr die Kirche Arbeitenden geordnet. Alle Angebote bewegen sich in der Schnittmenge von kirchlicher Praxis und wissenschaftlicher Theologie. Besondere Highlights im neuen Programm sind der Studienkurs f\u00fcr Pfarrer:innen mit Kindern zum Thema \u201eWie geht Frieden?\u201c, der einw\u00f6chige Workshop \u201eHer mit dem sch\u00f6nen Leben!\u201c zu Gesellschaftsvisionen in Film, Philosophie und Theologie sowie der Vier-Tage-Kurs \u201ePers\u00f6nlich \u2013 vernetzt \u2013 spirituell\u201c \u00fcber Glaubenskommunikation in Social Media.<\/p>\n<p>F\u00fcr Teilnehmende aus den VELKD-Landeskirchen ist die Kursgeb\u00fchr erheblich reduziert. Das Tagungshaus in Pullach, 20 S-Bahn-Minuten von der M\u00fcnchener City entfernt im Isartal gelegen, kann auch als \u00dcbernachtungsort f\u00fcr Gemeindegruppen, Pfarrkonvente oder andere kirchliche Gruppen genutzt werden.<\/p>\n<p><em>Das neue Studienprogramm kann unter <\/em><em>www.theologisches-studienseminar.de<\/em><em> eingesehen und heruntergeladen werden.<\/em><\/p>\n<p>Hannover, 21. Juli 2023<\/p>\n<p>Pressestelle der VELKD<br \/>Dr. Frank Hofmann \u00a0<\/p>\n<\/div>\n","protected":false},"excerpt":{"rendered":"<p>21.07.2023 Pressemitteilung Ein neuer Rekord: Mit \u00fcber 30 Veranstaltungen f\u00fcr Pfarrer:innen, Kirchenleitende und Ehrenamtliche f\u00e4llt das aktuelle Jahresprogramm des Theologischen<\/p>\n","protected":false},"author":1,"featured_media":611,"comment_status":"closed","ping_status":"closed","sticky":false,"template":"","format":"standard","meta":{"footnotes":""},"categories":[20],"tags":[],"_links":{"self":[{"href":"https:\/\/krankenhauspfarramt.de\/index.php\/wp-json\/wp\/v2\/posts\/5875"}],"collection":[{"href":"https:\/\/krankenhauspfarramt.de\/index.php\/wp-json\/wp\/v2\/posts"}],"about":[{"href":"https:\/\/krankenhauspfarramt.de\/index.php\/wp-json\/wp\/v2\/types\/post"}],"author":[{"embeddable":true,"href":"https:\/\/krankenhauspfarramt.de\/index.php\/wp-json\/wp\/v2\/users\/1"}],"replies":[{"embeddable":true,"href":"https:\/\/krankenhauspfarramt.de\/index.php\/wp-json\/wp\/v2\/comments?post=5875"}],"version-history":[{"count":1,"href":"https:\/\/krankenhauspfarramt.de\/index.php\/wp-json\/wp\/v2\/posts\/5875\/revisions"}],"predecessor-version":[{"id":5876,"href":"https:\/\/krankenhauspfarramt.de\/index.php\/wp-json\/wp\/v2\/posts\/5875\/revisions\/5876"}],"wp:featuredmedia":[{"embeddable":true,"href":"https:\/\/krankenhauspfarramt.de\/index.php\/wp-json\/wp\/v2\/media\/611"}],"wp:attachment":[{"href":"https:\/\/krankenhauspfarramt.de\/index.php\/wp-json\/wp\/v2\/media?parent=5875"}],"wp:term":[{"taxonomy":"category","embeddable":true,"href":"https:\/\/krankenhauspfarramt.de\/index.php\/wp-json\/wp\/v2\/categories?post=5875"},{"taxonomy":"post_tag","embeddable":true,"href":"https:\/\/krankenhauspfarramt.de\/index.php\/wp-json\/wp\/v2\/tags?post=5875"}],"curies":[{"name":"wp","href":"https:\/\/api.w.org\/{rel}","templated":true}]}}