{"id":5877,"date":"2023-07-24T09:22:48","date_gmt":"2023-07-24T09:22:48","guid":{"rendered":"https:\/\/krankenhauspfarramt.de\/index.php\/2023\/07\/24\/bundespraesident-besucht-hilfszentrum-am-berliner-bahnhof-zoo-ekd\/"},"modified":"2023-07-24T09:22:51","modified_gmt":"2023-07-24T09:22:51","slug":"bundespraesident-besucht-hilfszentrum-am-berliner-bahnhof-zoo-ekd","status":"publish","type":"post","link":"https:\/\/krankenhauspfarramt.de\/index.php\/2023\/07\/24\/bundespraesident-besucht-hilfszentrum-am-berliner-bahnhof-zoo-ekd\/","title":{"rendered":"Bundespr\u00e4sident besucht Hilfszentrum am Berliner Bahnhof Zoo \u2013 EKD"},"content":{"rendered":"<p> <br \/>\n<\/p>\n<div>\n<p style=\"margin-left:0cm; margin-right:0cm\">Zugleich zeige die Arbeit der Stadtmission, dass \u201ewir in unserer Sorge und gemeinsamen Anstrengungen gegen die Wohnungslosigkeit in unserem Land nicht nachlassen d\u00fcrfen\u201c. Dabei verwies er darauf, dass die Bundesregierung bis Ende des Jahres einen Aktionsplan gegen Wohnungslosigkeit vorlegen wolle.<\/p>\n<p style=\"margin-left:0cm; margin-right:0cm\">Steinmeier und seine Frau Elke B\u00fcdenbender leisteten 2016 laut Stadtmission eine erste Anschubfinanzierung f\u00fcr das sp\u00e4tere \u201eZentrum am Zoo\u201c in H\u00f6he von 50.000 Euro. Das Zentrum ist t\u00e4glich Anlaufstelle f\u00fcr mehr als 600 Obdachlose. Zusammen mit der Bahnhofsmission und dem dortigen Hygienecenter erhalten Menschen hier Hilfe und Beratung.<\/p>\n<p style=\"margin-left:0cm; margin-right:0cm\">Die Deutsche Bahn hat der Berliner Stadtmission die insgesamt 500 Quadratmeter gro\u00dfe Fl\u00e4che in den S-Bahn-B\u00f6gen f\u00fcr 25 Jahre mietkostenfrei zur Verf\u00fcgung gestellt und tr\u00e4gt die laufenden Betriebskosten.<\/p>\n<\/p><\/div>\n","protected":false},"excerpt":{"rendered":"<p>Zugleich zeige die Arbeit der Stadtmission, dass \u201ewir in unserer Sorge und gemeinsamen Anstrengungen gegen die Wohnungslosigkeit in unserem Land<\/p>\n","protected":false},"author":1,"featured_media":5878,"comment_status":"closed","ping_status":"closed","sticky":false,"template":"","format":"standard","meta":{"footnotes":""},"categories":[20],"tags":[],"_links":{"self":[{"href":"https:\/\/krankenhauspfarramt.de\/index.php\/wp-json\/wp\/v2\/posts\/5877"}],"collection":[{"href":"https:\/\/krankenhauspfarramt.de\/index.php\/wp-json\/wp\/v2\/posts"}],"about":[{"href":"https:\/\/krankenhauspfarramt.de\/index.php\/wp-json\/wp\/v2\/types\/post"}],"author":[{"embeddable":true,"href":"https:\/\/krankenhauspfarramt.de\/index.php\/wp-json\/wp\/v2\/users\/1"}],"replies":[{"embeddable":true,"href":"https:\/\/krankenhauspfarramt.de\/index.php\/wp-json\/wp\/v2\/comments?post=5877"}],"version-history":[{"count":1,"href":"https:\/\/krankenhauspfarramt.de\/index.php\/wp-json\/wp\/v2\/posts\/5877\/revisions"}],"predecessor-version":[{"id":5879,"href":"https:\/\/krankenhauspfarramt.de\/index.php\/wp-json\/wp\/v2\/posts\/5877\/revisions\/5879"}],"wp:featuredmedia":[{"embeddable":true,"href":"https:\/\/krankenhauspfarramt.de\/index.php\/wp-json\/wp\/v2\/media\/5878"}],"wp:attachment":[{"href":"https:\/\/krankenhauspfarramt.de\/index.php\/wp-json\/wp\/v2\/media?parent=5877"}],"wp:term":[{"taxonomy":"category","embeddable":true,"href":"https:\/\/krankenhauspfarramt.de\/index.php\/wp-json\/wp\/v2\/categories?post=5877"},{"taxonomy":"post_tag","embeddable":true,"href":"https:\/\/krankenhauspfarramt.de\/index.php\/wp-json\/wp\/v2\/tags?post=5877"}],"curies":[{"name":"wp","href":"https:\/\/api.w.org\/{rel}","templated":true}]}}