{"id":5880,"date":"2023-07-24T13:41:37","date_gmt":"2023-07-24T13:41:37","guid":{"rendered":"https:\/\/krankenhauspfarramt.de\/index.php\/2023\/07\/24\/der-segen-muss-zu-den-menschen-kommen-ekd\/"},"modified":"2023-07-24T13:41:40","modified_gmt":"2023-07-24T13:41:40","slug":"der-segen-muss-zu-den-menschen-kommen-ekd","status":"publish","type":"post","link":"https:\/\/krankenhauspfarramt.de\/index.php\/2023\/07\/24\/der-segen-muss-zu-den-menschen-kommen-ekd\/","title":{"rendered":"Der Segen muss zu den Menschen kommen \u2013 EKD"},"content":{"rendered":"<p> <br \/>\n<\/p>\n<div>\n<p>Ein solcher Segen sei genauso wichtig, wie die \u201eInitialz\u00fcndung\u201c bei einer Trauung. Die Anzahl der kirchlichen Trauungen sei ohnehin nur noch marginal, viele Paare heirateten nicht mehr und die Paare, die heiraten, entschieden sich h\u00e4ufig nicht mehr f\u00fcr eine kirchliche Trauung. Lungershausen lehnt es jedoch ab, das Angebot direkt mit der Kirchenmitgliedschaft zu verbinden. Andererseits k\u00f6nne die Organisation Kirche nur am Leben gehalten werden, wenn es auch in Zukunft noch Mitglieder gebe.<\/p>\n<p>Bei dem Segensritual, das an einem Freitagabend stattfand, haben sie und ihre Kollegin insgesamt acht Paare gesegnet. Die Idee sei entstanden, als sie auf ihrem Schreibtisch Unterlagen zu abgesagten Trauungen in der Corona-Pandemie entdeckt habe &#8211; darunter auch zwei gleichgeschlechtliche Paare. Sie habe diejenigen, die in den vergangenen vier Jahren geheiratet haben und in der Kirchengemeinde gemeldet waren, per Post angeschrieben und danach noch die Einladung ver\u00f6ffentlicht.<\/p>\n<p>W\u00e4hrend des Rituals h\u00e4tten die Paare einander beim Blick in die Augen bekannt, was sie an ihrem Partner lieben und was sie dem anderen w\u00fcnschen. Das sei sehr ber\u00fchrend gewesen, nicht nur ein nettes Event an einem Freitagabend, betonte die Pfarrerin. Es zeige das Bed\u00fcrfnis danach, in einer herausfordernden Situation Lebenskraft zu bekommen. Denn es seien nicht nur Paare gekommen, bei denen gerade alles gut klappe.<\/p>\n<p>\u201eEs ging um die ganze Spanne des Lebens, darum dass man auch Tiefe und Halt hat, ohne die es auch ziemlich bodenlos sein kann\u201c, sagte Lungershausen. \u201eIch stelle mir vor, dass Gott im Segen als Liebe durch die Menschen hindurchflie\u00dft und sie anders miteinander verbindet.\u201c<\/p>\n<p style=\"text-align:right\"><em>epd-Gespr\u00e4ch: Franziska Hein<\/em><\/p>\n<\/p><\/div>\n","protected":false},"excerpt":{"rendered":"<p>Ein solcher Segen sei genauso wichtig, wie die \u201eInitialz\u00fcndung\u201c bei einer Trauung. Die Anzahl der kirchlichen Trauungen sei ohnehin nur<\/p>\n","protected":false},"author":1,"featured_media":5881,"comment_status":"closed","ping_status":"closed","sticky":false,"template":"","format":"standard","meta":{"footnotes":""},"categories":[20],"tags":[],"_links":{"self":[{"href":"https:\/\/krankenhauspfarramt.de\/index.php\/wp-json\/wp\/v2\/posts\/5880"}],"collection":[{"href":"https:\/\/krankenhauspfarramt.de\/index.php\/wp-json\/wp\/v2\/posts"}],"about":[{"href":"https:\/\/krankenhauspfarramt.de\/index.php\/wp-json\/wp\/v2\/types\/post"}],"author":[{"embeddable":true,"href":"https:\/\/krankenhauspfarramt.de\/index.php\/wp-json\/wp\/v2\/users\/1"}],"replies":[{"embeddable":true,"href":"https:\/\/krankenhauspfarramt.de\/index.php\/wp-json\/wp\/v2\/comments?post=5880"}],"version-history":[{"count":1,"href":"https:\/\/krankenhauspfarramt.de\/index.php\/wp-json\/wp\/v2\/posts\/5880\/revisions"}],"predecessor-version":[{"id":5882,"href":"https:\/\/krankenhauspfarramt.de\/index.php\/wp-json\/wp\/v2\/posts\/5880\/revisions\/5882"}],"wp:featuredmedia":[{"embeddable":true,"href":"https:\/\/krankenhauspfarramt.de\/index.php\/wp-json\/wp\/v2\/media\/5881"}],"wp:attachment":[{"href":"https:\/\/krankenhauspfarramt.de\/index.php\/wp-json\/wp\/v2\/media?parent=5880"}],"wp:term":[{"taxonomy":"category","embeddable":true,"href":"https:\/\/krankenhauspfarramt.de\/index.php\/wp-json\/wp\/v2\/categories?post=5880"},{"taxonomy":"post_tag","embeddable":true,"href":"https:\/\/krankenhauspfarramt.de\/index.php\/wp-json\/wp\/v2\/tags?post=5880"}],"curies":[{"name":"wp","href":"https:\/\/api.w.org\/{rel}","templated":true}]}}