{"id":5898,"date":"2023-07-25T14:28:31","date_gmt":"2023-07-25T14:28:31","guid":{"rendered":"https:\/\/krankenhauspfarramt.de\/index.php\/2023\/07\/25\/dorfkirche-mon-amour-aktionen-im-august-ekd\/"},"modified":"2023-07-25T14:28:34","modified_gmt":"2023-07-25T14:28:34","slug":"dorfkirche-mon-amour-aktionen-im-august-ekd","status":"publish","type":"post","link":"https:\/\/krankenhauspfarramt.de\/index.php\/2023\/07\/25\/dorfkirche-mon-amour-aktionen-im-august-ekd\/","title":{"rendered":"Dorfkirche mon amour Aktionen im August \u2013 EKD"},"content":{"rendered":"<p> <br \/>\n<\/p>\n<div>\n<p>Zwischen dem 6. und 12. August 2023 wird in der Region rund um Schwerin ein 20-k\u00f6pfiges Vokalensemble zu erleben sein, das auf Fahrr\u00e4dern von Dorfkirche zu Dorfkirche reist. Der aus Mecklenburg und Berlin stammende Chor tritt unter der Leitung von Paul Pathenheimer u.a. in Tempzin, Cramon und Zittow auf, mit einer Mischung aus geistlichen und weltlichen Liedern und Chor\u00e4len in deutscher, franz\u00f6sischer, schwedischer und isl\u00e4ndischer Sprache. Der Eintritt ist frei, am Ausgang wird um eine Spende gebeten.\u00a0<\/p>\n<p>Insgesamt finden dieses Jahr sechs bunte Aktionen von Dorfkirche mon amour statt: Von einem Orgelfestival in Hollingstedt \u00fcber slawischem Kreistanz in Pantlitz, Kunst mit Bewohner*innen F\u00fcrstenbergs und Gefl\u00fcchteten bis zu einem bunten Chorfestival in der Flussschifferkirche Hamburg.\u00a0<\/p>\n<p>Das komplette Programm\u00a0<\/p>\n<\/p><\/div>\n","protected":false},"excerpt":{"rendered":"<p>Zwischen dem 6. und 12. August 2023 wird in der Region rund um Schwerin ein 20-k\u00f6pfiges Vokalensemble zu erleben sein,<\/p>\n","protected":false},"author":1,"featured_media":5899,"comment_status":"closed","ping_status":"closed","sticky":false,"template":"","format":"standard","meta":{"footnotes":""},"categories":[20],"tags":[],"_links":{"self":[{"href":"https:\/\/krankenhauspfarramt.de\/index.php\/wp-json\/wp\/v2\/posts\/5898"}],"collection":[{"href":"https:\/\/krankenhauspfarramt.de\/index.php\/wp-json\/wp\/v2\/posts"}],"about":[{"href":"https:\/\/krankenhauspfarramt.de\/index.php\/wp-json\/wp\/v2\/types\/post"}],"author":[{"embeddable":true,"href":"https:\/\/krankenhauspfarramt.de\/index.php\/wp-json\/wp\/v2\/users\/1"}],"replies":[{"embeddable":true,"href":"https:\/\/krankenhauspfarramt.de\/index.php\/wp-json\/wp\/v2\/comments?post=5898"}],"version-history":[{"count":1,"href":"https:\/\/krankenhauspfarramt.de\/index.php\/wp-json\/wp\/v2\/posts\/5898\/revisions"}],"predecessor-version":[{"id":5900,"href":"https:\/\/krankenhauspfarramt.de\/index.php\/wp-json\/wp\/v2\/posts\/5898\/revisions\/5900"}],"wp:featuredmedia":[{"embeddable":true,"href":"https:\/\/krankenhauspfarramt.de\/index.php\/wp-json\/wp\/v2\/media\/5899"}],"wp:attachment":[{"href":"https:\/\/krankenhauspfarramt.de\/index.php\/wp-json\/wp\/v2\/media?parent=5898"}],"wp:term":[{"taxonomy":"category","embeddable":true,"href":"https:\/\/krankenhauspfarramt.de\/index.php\/wp-json\/wp\/v2\/categories?post=5898"},{"taxonomy":"post_tag","embeddable":true,"href":"https:\/\/krankenhauspfarramt.de\/index.php\/wp-json\/wp\/v2\/tags?post=5898"}],"curies":[{"name":"wp","href":"https:\/\/api.w.org\/{rel}","templated":true}]}}