{"id":5904,"date":"2023-07-27T11:43:22","date_gmt":"2023-07-27T11:43:22","guid":{"rendered":"https:\/\/krankenhauspfarramt.de\/index.php\/2023\/07\/27\/stille-statt-gitarrensounds-ekd\/"},"modified":"2023-07-27T11:43:25","modified_gmt":"2023-07-27T11:43:25","slug":"stille-statt-gitarrensounds-ekd","status":"publish","type":"post","link":"https:\/\/krankenhauspfarramt.de\/index.php\/2023\/07\/27\/stille-statt-gitarrensounds-ekd\/","title":{"rendered":"Stille statt Gitarrensounds \u2013 EKD"},"content":{"rendered":"<p> <br \/>\n<\/p>\n<div>\n<p>Die Pastorin m\u00f6chte einen \u201eroom of silence\u201c &#8211; einen Raum der Stille bieten. \u201eOhne dass das jetzt gro\u00df spirituell aufgeladen ist\u201c, sagt sie. Sie m\u00f6chte einen R\u00fcckzugsort bieten, an dem die Metal-Fans im Festivaltrubel einmal zur Ruhe kommen k\u00f6nnen, denn es werde schon sehr laut und es seien viele Menschen. \u201eDas kann auch mal \u00fcberfordernd sein\u201c, sagt M\u00fchlfried. In der Heiligen-Geist-Kirche k\u00f6nnen die Ruhesuchenden dann eine Kerze anz\u00fcnden, in den B\u00e4nken sitzen oder \u201eeinfach mal mit jemandem quatschen\u201c.<\/p>\n<p>Neue Pastorin, neue Ideen, aber auch alte Bedenken. Ginge es nach der Gemeinde, gebe es keine Beteiligung rund um das \u201eWacken Open Air\u201c, sagt M\u00fchlfried. Einerseits, weil viele Gemeindemitglieder in der Festivalzeit selbst viel zu tun und kaum Zeit h\u00e4tten, andererseits gebe es auch \u201ediese Angst, dass was passieren k\u00f6nnte, dass randaliert wird in der Kirche oder auf dem Friedhof\u201c, erkl\u00e4rt die Pastorin.<\/p>\n<p>Doch gro\u00dfe Metal-Gottesdienste in Schweden oder Finnland w\u00fcrden zeigen, dass Christsein und Metalmusik gut zusammen gehe, sagt die Pastorin. Zudem h\u00f6re sie privat auch Metal, sodass es f\u00fcr sie keine ungew\u00f6hnliche Kombination sei.<\/p>\n<p>Sicher sei Metal eine Musikrichtung, die sich abgrenzen m\u00f6chte, doch das sei auch bei Hip-Hop oder anderen Genres der Fall. \u201eJedes Genre hat so seinen Spirit und seine Ideen und Gedanken\u201c, sagt die Pastorin. So d\u00fcrfe auch Metal nicht nur als Angriff wahrgenommen werden. Und geht es nach M\u00fchlfried, sind Metalheads \u201edie liebsten Menschen, die ich kenne\u201c. Mit der N\u00e4chstenliebe klappe es bei den Metallern \u201en\u00e4mlich super\u201c, sagt sie, das passe doch wunderbar zusammen.<\/p>\n<p>Wenn es nach Alisa M\u00fchlfried geht, dann darf sich \u00fcber das Festival in diesem Jahr auch gern mehr entwickeln: \u201eMein Wunschtraum w\u00e4re, auf dem Gel\u00e4nde pr\u00e4sent zu sein, als Kirche zu sagen, wir sind hier und bieten sogar Trauungen auf dem Gel\u00e4nde an und sind wirklich ansprechbar.\u201c Vielleicht sei auch ein Getr\u00e4nkestand auf dem Kirchplatz eine Idee, \u201edamit die Menschen zu uns kommen\u201c, sagt sie.<\/p>\n<\/p><\/div>\n","protected":false},"excerpt":{"rendered":"<p>Die Pastorin m\u00f6chte einen \u201eroom of silence\u201c &#8211; einen Raum der Stille bieten. \u201eOhne dass das jetzt gro\u00df spirituell aufgeladen<\/p>\n","protected":false},"author":1,"featured_media":5905,"comment_status":"closed","ping_status":"closed","sticky":false,"template":"","format":"standard","meta":{"footnotes":""},"categories":[20],"tags":[],"_links":{"self":[{"href":"https:\/\/krankenhauspfarramt.de\/index.php\/wp-json\/wp\/v2\/posts\/5904"}],"collection":[{"href":"https:\/\/krankenhauspfarramt.de\/index.php\/wp-json\/wp\/v2\/posts"}],"about":[{"href":"https:\/\/krankenhauspfarramt.de\/index.php\/wp-json\/wp\/v2\/types\/post"}],"author":[{"embeddable":true,"href":"https:\/\/krankenhauspfarramt.de\/index.php\/wp-json\/wp\/v2\/users\/1"}],"replies":[{"embeddable":true,"href":"https:\/\/krankenhauspfarramt.de\/index.php\/wp-json\/wp\/v2\/comments?post=5904"}],"version-history":[{"count":1,"href":"https:\/\/krankenhauspfarramt.de\/index.php\/wp-json\/wp\/v2\/posts\/5904\/revisions"}],"predecessor-version":[{"id":5906,"href":"https:\/\/krankenhauspfarramt.de\/index.php\/wp-json\/wp\/v2\/posts\/5904\/revisions\/5906"}],"wp:featuredmedia":[{"embeddable":true,"href":"https:\/\/krankenhauspfarramt.de\/index.php\/wp-json\/wp\/v2\/media\/5905"}],"wp:attachment":[{"href":"https:\/\/krankenhauspfarramt.de\/index.php\/wp-json\/wp\/v2\/media?parent=5904"}],"wp:term":[{"taxonomy":"category","embeddable":true,"href":"https:\/\/krankenhauspfarramt.de\/index.php\/wp-json\/wp\/v2\/categories?post=5904"},{"taxonomy":"post_tag","embeddable":true,"href":"https:\/\/krankenhauspfarramt.de\/index.php\/wp-json\/wp\/v2\/tags?post=5904"}],"curies":[{"name":"wp","href":"https:\/\/api.w.org\/{rel}","templated":true}]}}