{"id":5975,"date":"2023-08-24T23:33:03","date_gmt":"2023-08-24T23:33:03","guid":{"rendered":"https:\/\/krankenhauspfarramt.de\/index.php\/2023\/08\/24\/kihybzu-kirche-hybrid-zusammen-ekd\/"},"modified":"2023-08-24T23:33:08","modified_gmt":"2023-08-24T23:33:08","slug":"kihybzu-kirche-hybrid-zusammen-ekd","status":"publish","type":"post","link":"https:\/\/krankenhauspfarramt.de\/index.php\/2023\/08\/24\/kihybzu-kirche-hybrid-zusammen-ekd\/","title":{"rendered":"KiHybZu (Kirche Hybrid Zusammen) \u2013 EKD"},"content":{"rendered":"<p> <br \/>\n<\/p>\n<div>\n<p style=\"margin-bottom:8pt; margin-left:0cm; margin-right:0cm; margin-top:0cm\"><span style=\"line-height:107%\">Das Projekt &#8222;KiHybZu&#8220; (Kirche Hybrid Zusammen) der Ev. Kirchengemeinden J\u00fcterbog zielte darauf ab, alternative M\u00f6glichkeiten des Zusammenarbeitens zu schaffen, um den erweiterten Wirkungs- und T\u00e4tigkeitsbereich der Gemeinden zu unterst\u00fctzen. Aufgrund der Gr\u00f6\u00dfe der Region wurden vermehrt hybride Veranstaltungs- und Kommunikationsformen ben\u00f6tigt. Dazu wurde der Gemeindesaal der Kirchengemeinde St. Nikolai mit einer zeitgem\u00e4\u00dfen Konferenztechnik ausgestattet, die eine kontinuierliche Mitarbeit erm\u00f6glicht.<\/span><\/p>\n<\/p><\/div>\n<div id=\"\">\n<p style=\"margin-bottom:8pt; margin-left:0cm; margin-right:0cm; margin-top:0cm\"><span style=\"line-height:107%\">Mit der F\u00f6rderung aus dem EKD-Digitalinnovationsfonds konnte eine moderne Konferenzausstattung mit Projektor und kabelloser Medientechnik (z.B. Kamera, Mikrofon, Lautsprecher) bereitgestellt werden. Dadurch k\u00f6nnen alle Haupt- und Ehrenamtlichen sowie Interessierte aktiv am Gemeindeleben teilnehmen und sich auch in \u00fcberregionalen Projekten und Arbeitsgemeinschaften engagieren.<\/span><\/p>\n<p style=\"margin-bottom:8pt; margin-left:0cm; margin-right:0cm; margin-top:0cm\"><span style=\"line-height:107%\">Das Projekt &#8222;KiHybZu&#8220; ist nicht nur sachorientiert, sondern legt auch den Grundstein f\u00fcr eine gute Zusammenarbeit und erm\u00f6glicht weitere beziehungsorientierte Vorhaben. Es soll langfristig fester Bestandteil des Arbeitsmodells in der \u00fcberregionalt\u00e4tigen Kirchengemeinde werden. <\/span><span style=\"line-height:107%\">Zus\u00e4tzlich zum Projekt wurde ein Handbuch erstellt, das allen Nutzern vor Ort hilft, die Technik problemlos zu bedienen.<\/span><\/p>\n<p><span style=\"line-height:107%\">Das Projekt &#8222;KiHybZu&#8220; f\u00f6rdert die Zusammenarbeit der Kirchengemeinden und schafft eine moderne und gesunde Arbeitsumgebung, in der alle Gemeindemitglieder gleichberechtigt am Gemeindeleben teilnehmen k\u00f6nnen. <\/span><\/p>\n<p><span style=\"line-height:107%\">Das Projekt wurde mit 2.000 Euro vom Digitalinnovationsfonds gef\u00f6rdert.<\/span><\/p>\n<p><span style=\"line-height:107%\">Hier geht es zur Homepage der Gemeinde.<\/span><\/p>\n<\/div>\n","protected":false},"excerpt":{"rendered":"<p>Das Projekt &#8222;KiHybZu&#8220; (Kirche Hybrid Zusammen) der Ev. Kirchengemeinden J\u00fcterbog zielte darauf ab, alternative M\u00f6glichkeiten des Zusammenarbeitens zu schaffen, um<\/p>\n","protected":false},"author":2,"featured_media":5976,"comment_status":"closed","ping_status":"closed","sticky":false,"template":"","format":"standard","meta":{"footnotes":""},"categories":[20],"tags":[],"_links":{"self":[{"href":"https:\/\/krankenhauspfarramt.de\/index.php\/wp-json\/wp\/v2\/posts\/5975"}],"collection":[{"href":"https:\/\/krankenhauspfarramt.de\/index.php\/wp-json\/wp\/v2\/posts"}],"about":[{"href":"https:\/\/krankenhauspfarramt.de\/index.php\/wp-json\/wp\/v2\/types\/post"}],"author":[{"embeddable":true,"href":"https:\/\/krankenhauspfarramt.de\/index.php\/wp-json\/wp\/v2\/users\/2"}],"replies":[{"embeddable":true,"href":"https:\/\/krankenhauspfarramt.de\/index.php\/wp-json\/wp\/v2\/comments?post=5975"}],"version-history":[{"count":1,"href":"https:\/\/krankenhauspfarramt.de\/index.php\/wp-json\/wp\/v2\/posts\/5975\/revisions"}],"predecessor-version":[{"id":5977,"href":"https:\/\/krankenhauspfarramt.de\/index.php\/wp-json\/wp\/v2\/posts\/5975\/revisions\/5977"}],"wp:featuredmedia":[{"embeddable":true,"href":"https:\/\/krankenhauspfarramt.de\/index.php\/wp-json\/wp\/v2\/media\/5976"}],"wp:attachment":[{"href":"https:\/\/krankenhauspfarramt.de\/index.php\/wp-json\/wp\/v2\/media?parent=5975"}],"wp:term":[{"taxonomy":"category","embeddable":true,"href":"https:\/\/krankenhauspfarramt.de\/index.php\/wp-json\/wp\/v2\/categories?post=5975"},{"taxonomy":"post_tag","embeddable":true,"href":"https:\/\/krankenhauspfarramt.de\/index.php\/wp-json\/wp\/v2\/tags?post=5975"}],"curies":[{"name":"wp","href":"https:\/\/api.w.org\/{rel}","templated":true}]}}