{"id":5990,"date":"2023-08-28T17:53:46","date_gmt":"2023-08-28T17:53:46","guid":{"rendered":"https:\/\/krankenhauspfarramt.de\/index.php\/2023\/08\/28\/kirchliche-verbaende-enttaeuscht-ueber-abgespeckte-kindergrundsicherung-ekd\/"},"modified":"2023-08-28T17:53:49","modified_gmt":"2023-08-28T17:53:49","slug":"kirchliche-verbaende-enttaeuscht-ueber-abgespeckte-kindergrundsicherung-ekd","status":"publish","type":"post","link":"https:\/\/krankenhauspfarramt.de\/index.php\/2023\/08\/28\/kirchliche-verbaende-enttaeuscht-ueber-abgespeckte-kindergrundsicherung-ekd\/","title":{"rendered":"Kirchliche Verb\u00e4nde entt\u00e4uscht \u00fcber abgespeckte Kindergrundsicherung \u2013 EKD"},"content":{"rendered":"<p> <br \/>\n<\/p>\n<div>\n<p>Der katholische Wohlfahrtsverband, die Caritas, findet es \u201emehr als \u00fcberf\u00e4llig\u201c, dass sich die Ampel jetzt auf eine gemeinsame Linie f\u00fcr die Kindergrundsicherung geeinigt hat. Es sei bei vielen Menschen der Eindruck entstanden, es falle der Bundesregierung besonders schwer, sich zu einigen, wenn es um die Familien geht, die am meisten Unterst\u00fctzung brauchen.<\/p>\n<p>Die Zug\u00e4nge zu den staatlichen Hilfsleistungen m\u00fcssten in der Praxis einfacher gemacht werden. \u201eWir wollen, dass Familien bei der Beantragung von \u00f6ffentlichen F\u00f6rdergeldern Zeit sparen\u201c, erkl\u00e4rte die Caritas.<\/p>\n<p>Die Ratsvorsitzende der Evangelischen Kirche in Deutschland (EKD), Annette Kurschus, begr\u00fc\u00dfte, dass die Ampel-Koalition sich auf erste Schritte f\u00fcr eine Kindergrundsicherung verst\u00e4ndigt hat. Wer als Kind keine Chance habe, habe leider allzu oft auch sp\u00e4ter als Erwachsener keine mehr. \u201eMan kann gar nicht genug f\u00fcr die Kindergrundsicherung tun\u201c, sagte die Theologin.<\/p>\n<p>Familienministerin Paus sprach nach der Einigung von zum Teil \u201esehr harten Verhandlungen\u201c, aber es habe sich gelohnt. \u201eDie neue Kindergrundsicherung kommt\u201c, sagte sie. Im Jahr 2025 sollen ihren Angaben nach 2,4 Milliarden Euro zus\u00e4tzlich f\u00fcr die Reduzierung der Kinderarmut zur Verf\u00fcgung gestellt werden. Sie gehe von einer zunehmend st\u00e4rkeren Inanspruchnahme der Leistungen aus, dann erh\u00f6hten sich nach 2025 auch die Ausgaben.<\/p>\n<p>In der Kindergrundsicherung sollen Familienleistungen zusammengefasst, vereinfacht und automatisch ausgezahlt werden. Dazu z\u00e4hlen das Kindergeld, der Kinderzuschlag, die Sozialhilfe und das B\u00fcrgergeld f\u00fcr Kinder.<\/p>\n<\/p><\/div>\n","protected":false},"excerpt":{"rendered":"<p>Der katholische Wohlfahrtsverband, die Caritas, findet es \u201emehr als \u00fcberf\u00e4llig\u201c, dass sich die Ampel jetzt auf eine gemeinsame Linie f\u00fcr<\/p>\n","protected":false},"author":2,"featured_media":5991,"comment_status":"closed","ping_status":"closed","sticky":false,"template":"","format":"standard","meta":{"footnotes":""},"categories":[20],"tags":[],"_links":{"self":[{"href":"https:\/\/krankenhauspfarramt.de\/index.php\/wp-json\/wp\/v2\/posts\/5990"}],"collection":[{"href":"https:\/\/krankenhauspfarramt.de\/index.php\/wp-json\/wp\/v2\/posts"}],"about":[{"href":"https:\/\/krankenhauspfarramt.de\/index.php\/wp-json\/wp\/v2\/types\/post"}],"author":[{"embeddable":true,"href":"https:\/\/krankenhauspfarramt.de\/index.php\/wp-json\/wp\/v2\/users\/2"}],"replies":[{"embeddable":true,"href":"https:\/\/krankenhauspfarramt.de\/index.php\/wp-json\/wp\/v2\/comments?post=5990"}],"version-history":[{"count":1,"href":"https:\/\/krankenhauspfarramt.de\/index.php\/wp-json\/wp\/v2\/posts\/5990\/revisions"}],"predecessor-version":[{"id":5992,"href":"https:\/\/krankenhauspfarramt.de\/index.php\/wp-json\/wp\/v2\/posts\/5990\/revisions\/5992"}],"wp:featuredmedia":[{"embeddable":true,"href":"https:\/\/krankenhauspfarramt.de\/index.php\/wp-json\/wp\/v2\/media\/5991"}],"wp:attachment":[{"href":"https:\/\/krankenhauspfarramt.de\/index.php\/wp-json\/wp\/v2\/media?parent=5990"}],"wp:term":[{"taxonomy":"category","embeddable":true,"href":"https:\/\/krankenhauspfarramt.de\/index.php\/wp-json\/wp\/v2\/categories?post=5990"},{"taxonomy":"post_tag","embeddable":true,"href":"https:\/\/krankenhauspfarramt.de\/index.php\/wp-json\/wp\/v2\/tags?post=5990"}],"curies":[{"name":"wp","href":"https:\/\/api.w.org\/{rel}","templated":true}]}}