{"id":5993,"date":"2023-08-29T15:10:15","date_gmt":"2023-08-29T15:10:15","guid":{"rendered":"https:\/\/krankenhauspfarramt.de\/index.php\/2023\/08\/29\/live-streaming-in-traisa-ekd\/"},"modified":"2023-08-29T15:10:20","modified_gmt":"2023-08-29T15:10:20","slug":"live-streaming-in-traisa-ekd","status":"publish","type":"post","link":"https:\/\/krankenhauspfarramt.de\/index.php\/2023\/08\/29\/live-streaming-in-traisa-ekd\/","title":{"rendered":"Live-Streaming in Traisa \u2013 EKD"},"content":{"rendered":"<p> <br \/>\n<\/p>\n<div>\n<p>Die Evangelische Kirchengemeinde Traisa hat im Kontext der Corona-Pandemie begonnen, die Gottesdienste an den kirchlichen Festen auch live zu streamen. Im Zuge des Projektes wurde ein Streaming-Rechner erworben; aufbauend auf diesem wurde die gesamte Technik so vereinfacht, dass nur noch eine Person die Steuerung des gesamten Streamings \u00fcbernehmen kann.<\/p>\n<\/p><\/div>\n<div id=\"\">\n<p><span style=\"line-height:107%\">Diese Vereinfachung erm\u00f6glicht ein unkompliziertes, w\u00f6chentliches Live-Streaming der Gottesdienste \u2013 ein Angebot, von dem insbesondere \u00e4ltere Gemeindemitglieder in Traisa (und dar\u00fcber hinaus) stark profitieren. <\/span><span style=\"line-height:107%\">Dank eines Newsletters k\u00f6nnen alle Gemeindemitglieder direkt \u00fcber anstehende \u00dcbertragungen informiert werden bzw. mithilfe eines Links direkt daran teilnehmen.<\/span><\/p>\n<p><span style=\"line-height:107%\">Das Projekt wurde mit rund 1.050 Euro vom Digitalinnovationsfonds gef\u00f6rdert.<\/span><\/p>\n<p><span style=\"line-height:107%\">Hier gelangen Sie auf die Homepage der <\/span>Evangelischen Kirchengemeinde Traisa.<\/p>\n<\/div>\n","protected":false},"excerpt":{"rendered":"<p>Die Evangelische Kirchengemeinde Traisa hat im Kontext der Corona-Pandemie begonnen, die Gottesdienste an den kirchlichen Festen auch live zu streamen.<\/p>\n","protected":false},"author":2,"featured_media":5994,"comment_status":"closed","ping_status":"closed","sticky":false,"template":"","format":"standard","meta":{"footnotes":""},"categories":[20],"tags":[],"_links":{"self":[{"href":"https:\/\/krankenhauspfarramt.de\/index.php\/wp-json\/wp\/v2\/posts\/5993"}],"collection":[{"href":"https:\/\/krankenhauspfarramt.de\/index.php\/wp-json\/wp\/v2\/posts"}],"about":[{"href":"https:\/\/krankenhauspfarramt.de\/index.php\/wp-json\/wp\/v2\/types\/post"}],"author":[{"embeddable":true,"href":"https:\/\/krankenhauspfarramt.de\/index.php\/wp-json\/wp\/v2\/users\/2"}],"replies":[{"embeddable":true,"href":"https:\/\/krankenhauspfarramt.de\/index.php\/wp-json\/wp\/v2\/comments?post=5993"}],"version-history":[{"count":1,"href":"https:\/\/krankenhauspfarramt.de\/index.php\/wp-json\/wp\/v2\/posts\/5993\/revisions"}],"predecessor-version":[{"id":5995,"href":"https:\/\/krankenhauspfarramt.de\/index.php\/wp-json\/wp\/v2\/posts\/5993\/revisions\/5995"}],"wp:featuredmedia":[{"embeddable":true,"href":"https:\/\/krankenhauspfarramt.de\/index.php\/wp-json\/wp\/v2\/media\/5994"}],"wp:attachment":[{"href":"https:\/\/krankenhauspfarramt.de\/index.php\/wp-json\/wp\/v2\/media?parent=5993"}],"wp:term":[{"taxonomy":"category","embeddable":true,"href":"https:\/\/krankenhauspfarramt.de\/index.php\/wp-json\/wp\/v2\/categories?post=5993"},{"taxonomy":"post_tag","embeddable":true,"href":"https:\/\/krankenhauspfarramt.de\/index.php\/wp-json\/wp\/v2\/tags?post=5993"}],"curies":[{"name":"wp","href":"https:\/\/api.w.org\/{rel}","templated":true}]}}