{"id":5999,"date":"2023-08-30T10:10:27","date_gmt":"2023-08-30T10:10:27","guid":{"rendered":"https:\/\/krankenhauspfarramt.de\/index.php\/2023\/08\/30\/oekumenische-veroeffentlichung-zum-umgang-mit-demenz-ekd\/"},"modified":"2023-08-30T10:10:30","modified_gmt":"2023-08-30T10:10:30","slug":"oekumenische-veroeffentlichung-zum-umgang-mit-demenz-ekd","status":"publish","type":"post","link":"https:\/\/krankenhauspfarramt.de\/index.php\/2023\/08\/30\/oekumenische-veroeffentlichung-zum-umgang-mit-demenz-ekd\/","title":{"rendered":"\u00d6kumenische Ver\u00f6ffentlichung zum Umgang mit Demenz \u2013 EKD"},"content":{"rendered":"<p> <br \/>\n<\/p>\n<div id=\"\">\n<div class=\"article--meta article--meta__border clearfix\">\n<p>                                    <time datetime=\"30.08.2023 11:00\" class=\"article--time\">30.08.2023<\/time><\/p>\n<p>                                     <strong class=\"article--type primus--overline\">Pressemitteilung<\/strong><\/p>\n<picture class=\"article--source-image image\"><source srcset=\"https:\/\/www.ekd.de\/ekd_de\/ds_img\/assets\/20170622_ekd-Quellenlogo_141_rdax_423x118.png\"><!--<source srcset=\"\/ekd_de\/ds_img\/assets\/20170622_ekd-Quellenlogo_141_rdax_141x39.png 1x, \/ekd_de\/ds_img\/assets\/20170622_ekd-Quellenlogo_141_rdax_282x78.png 2x, https:\/\/www.ekd.de\/ekd_de\/ds_img\/assets\/20170622_ekd-Quellenlogo_141_rdax_423x118.png 3x\">--><\/p>\n<p>    <\/source><\/picture>\n<\/p><\/div>\n<h2 class=\"article--sub-headline primus--sub-headline\">\u201eMenschen mit Demenz einen Platz in der Mitte der Gesellschaft erm\u00f6glichen\u201c<\/h2>\n<\/p><\/div>\n<div id=\"\">\n<p>Die Evangelische Kirche in Deutschland (EKD) und die Deutsche Bischofskonferenz haben heute (30. August 2023) den Gemeinsamen Text \u201eMenschen mit Demenz in der Kirche &#8211; wie eigene Angebote gelingen\u201c ver\u00f6ffentlicht. Die Publikation ist ein Beitrag auf dem Weg, Menschen mit Demenz mehr gesellschaftliche Teilhabe zu erm\u00f6glichen. Sie versteht sich als Impuls der beiden Kirchen im Rahmen der \u201eNationalen Demenzstrategie\u201c, die 2021 von der Bundesregierung ins Leben gerufen wurde.<\/p>\n<p>Im Vorwort w\u00fcrdigen die EKD-Ratsvorsitzende, Pr\u00e4ses Annette Kurschus, und Bischof Georg B\u00e4tzing, Vorsitzender der Deutschen Bischofskonferenz, die \u201eNationale Demenzstrategie\u201c, in der sich \u201eeine Vielzahl von Akteuren dazu bekannt hat, Menschen mit Demenz mehr Teilhabe am gesellschaftlichen Leben zu erm\u00f6glichen.\u201c Die vorliegende Brosch\u00fcre verstehe sich als Beitrag der Kirchen, der zum Br\u00fcckenbauen ermutige. \u201eUm Menschen mit Demenz einen Platz in der Mitte der Gesellschaft erm\u00f6glichen zu k\u00f6nnen, bedarf es daher einer entsprechenden Haltung.\u201c Der Gemeinsame Text biete ein kompaktes und reichhaltiges Kompendium f\u00fcr alle Kirchengemeinden, die ihre Angebote und ihr Gemeindeleben demenzsensibler gestalten wollen.<\/p>\n<p>Die Ver\u00f6ffentlichung ist eine Sammlung von Texten, die sowohl fundierte Hintergrundinformationen zum Thema Demenz als auch praktische Hinweise f\u00fcr die konkrete pastorale Arbeit geben. Dabei werden die wichtigsten Fragen zum Leben mit Demenz genauso beleuchtet wie der ethische Aspekt der Menschenw\u00fcrde, die biographische Frage nach Trauma und Demenz oder die Dimension Spiritualit\u00e4t und Demenz. Zus\u00e4tzlich bietet das Dokument zahlreiche praktische Hinweise, um Menschen mit Demenz und ihren An- und Zugeh\u00f6rigen (mehr) Teilhabe am Leben in der Kirchengemeinde und dar\u00fcber hinaus zu erm\u00f6glichen. Sie reichen von Erfahrungen auf dem Weg zur demenzsensiblen Gemeinde \u00fcber die Vorstellung konkreter Methoden der Gespr\u00e4chsf\u00fchrung mit demenzkranken Menschen und den wertvollen Beitrag der Seelsorge f\u00fcr Menschen mit Demenz und ihrer Angeh\u00f6rigen bis hin zu konkreten Vorschl\u00e4gen f\u00fcr demenzsensible Gottesdienste. Erg\u00e4nzt wird diese Textsammlung durch einen Anhang mit Informationen zu Anlaufstellen, Materialien f\u00fcr Gottesdienste und weiteren n\u00fctzlichen Hinweisen.<\/p>\n<p>Der Text ist kostenlos als PDF abrufbar unter www.ekd.de\/demenz.<\/p>\n<p>Die \u201eNationale Demenzstrategie\u201c finden Sie hier: Demenzstrategie https:\/\/www.nationale-demenzstrategie.de\/<\/p>\n<p>Die \u00f6kumenische Woche f\u00fcr das Leben hat sich 2022 mit dem Thema Demenz befasst. Unterlagen und Hintergr\u00fcnde dazu unter: https:\/\/www.woche-fuer-das-leben.de\/<\/p>\n<p>Hannover, 30. August 2023<\/p>\n<p class=\"EKDAdressdaten\">Pressestelle der EKD<br \/>Carsten Splitt<\/p>\n<\/div>\n","protected":false},"excerpt":{"rendered":"<p>30.08.2023 Pressemitteilung \u201eMenschen mit Demenz einen Platz in der Mitte der Gesellschaft erm\u00f6glichen\u201c Die Evangelische Kirche in Deutschland (EKD) und<\/p>\n","protected":false},"author":2,"featured_media":6000,"comment_status":"closed","ping_status":"closed","sticky":false,"template":"","format":"standard","meta":{"footnotes":""},"categories":[20],"tags":[],"_links":{"self":[{"href":"https:\/\/krankenhauspfarramt.de\/index.php\/wp-json\/wp\/v2\/posts\/5999"}],"collection":[{"href":"https:\/\/krankenhauspfarramt.de\/index.php\/wp-json\/wp\/v2\/posts"}],"about":[{"href":"https:\/\/krankenhauspfarramt.de\/index.php\/wp-json\/wp\/v2\/types\/post"}],"author":[{"embeddable":true,"href":"https:\/\/krankenhauspfarramt.de\/index.php\/wp-json\/wp\/v2\/users\/2"}],"replies":[{"embeddable":true,"href":"https:\/\/krankenhauspfarramt.de\/index.php\/wp-json\/wp\/v2\/comments?post=5999"}],"version-history":[{"count":1,"href":"https:\/\/krankenhauspfarramt.de\/index.php\/wp-json\/wp\/v2\/posts\/5999\/revisions"}],"predecessor-version":[{"id":6001,"href":"https:\/\/krankenhauspfarramt.de\/index.php\/wp-json\/wp\/v2\/posts\/5999\/revisions\/6001"}],"wp:featuredmedia":[{"embeddable":true,"href":"https:\/\/krankenhauspfarramt.de\/index.php\/wp-json\/wp\/v2\/media\/6000"}],"wp:attachment":[{"href":"https:\/\/krankenhauspfarramt.de\/index.php\/wp-json\/wp\/v2\/media?parent=5999"}],"wp:term":[{"taxonomy":"category","embeddable":true,"href":"https:\/\/krankenhauspfarramt.de\/index.php\/wp-json\/wp\/v2\/categories?post=5999"},{"taxonomy":"post_tag","embeddable":true,"href":"https:\/\/krankenhauspfarramt.de\/index.php\/wp-json\/wp\/v2\/tags?post=5999"}],"curies":[{"name":"wp","href":"https:\/\/api.w.org\/{rel}","templated":true}]}}