{"id":601,"date":"2020-03-25T13:59:35","date_gmt":"2020-03-25T13:59:35","guid":{"rendered":"https:\/\/krankenhauspfarramt.de\/index.php\/2020\/03\/25\/christen-weltweit-beten-vaterunser-als-sturmgebet-gegen-das-coronavirus-ekd\/"},"modified":"2020-03-29T04:59:42","modified_gmt":"2020-03-29T04:59:42","slug":"christen-weltweit-beten-vaterunser-als-sturmgebet-gegen-das-coronavirus-ekd","status":"publish","type":"post","link":"https:\/\/krankenhauspfarramt.de\/index.php\/2020\/03\/25\/christen-weltweit-beten-vaterunser-als-sturmgebet-gegen-das-coronavirus-ekd\/","title":{"rendered":"Christen weltweit beten Vaterunser als \u201eSturmgebet\u201c gegen das Coronavirus \u2013 EKD"},"content":{"rendered":"<p> <br \/>\n<\/p>\n<div>\n<p>Solche Bekenntnisse des Vertrauens auf die Kraft Gottes seien in diesen Tagen wichtig, betonte Bedford-Strohm. \u201eWir k\u00f6nnen uns nicht mehr in den Kirchen gemeinsam versammeln, aber wir k\u00f6nnen in dem Gebet vereint sein, das Jesus selbst uns gelehrt hat\u201c, sagte der EKD-Ratsvorsitzende. \u201eBeten Sie mit als Ausdruck unseres Vertrauens auf die Kraft Gottes.\u201c<\/p>\n<h3>KEK: \u201eDie Welt von heute ruft uns auf, vereint zu sein\u201c<\/h3>\n<p>Auch die Konferenz Europ\u00e4ischer Kirchen (KEK) hat sich dem Aufruf von Papst Franziskus angeschlossen, am Mittwochmittag weltweit das Vaterunser zu beten. \u201eDas Gebet, das Christus uns gelehrt hat, hat schon immer das Christentum \u00fcber Raum und Zeit hinweg vereint\u201c, hei\u00dft es in einem Schreiben der \u00f6kumenischen Organisation aus Br\u00fcssel.<\/p>\n<p>\u201eDie Welt von heute ruft uns auf, vereint zu sein\u201c, schrieben nun KEK-Pr\u00e4sident Christian Krieger und KEK-Generalsekret\u00e4r Jorgen Skov Sorensen. \u201eNicht nur, um gegen diese verheerende Pandemie zu k\u00e4mpfen, sondern auch, um sich gegenseitig zu unterst\u00fctzen und sich in Gemeinschaft zu f\u00fchlen, indem wir daran denken, die Lehren aus dieser Krise zu ziehen.\u201c<\/p>\n<hr\/>\n<p><em>Die Konferenz Europ\u00e4ischer Kirchen (KEK) vereint \u00fcber 100 protestantische, orthodoxe, anglikanische und altkatholische Kirchen in ganz Europa, darunter auch die Evangelische Kirche in Deutschland (EKD). Von den gro\u00dfen Konfessionsfamilien sind nur die Katholiken nicht Mitglied.<\/em><\/p>\n<\/p><\/div>\n","protected":false},"excerpt":{"rendered":"<p>Solche Bekenntnisse des Vertrauens auf die Kraft Gottes seien in diesen Tagen wichtig, betonte Bedford-Strohm. \u201eWir k\u00f6nnen uns nicht mehr<\/p>\n","protected":false},"author":1,"featured_media":602,"comment_status":"closed","ping_status":"closed","sticky":false,"template":"","format":"standard","meta":{"footnotes":""},"categories":[20],"tags":[],"_links":{"self":[{"href":"https:\/\/krankenhauspfarramt.de\/index.php\/wp-json\/wp\/v2\/posts\/601"}],"collection":[{"href":"https:\/\/krankenhauspfarramt.de\/index.php\/wp-json\/wp\/v2\/posts"}],"about":[{"href":"https:\/\/krankenhauspfarramt.de\/index.php\/wp-json\/wp\/v2\/types\/post"}],"author":[{"embeddable":true,"href":"https:\/\/krankenhauspfarramt.de\/index.php\/wp-json\/wp\/v2\/users\/1"}],"replies":[{"embeddable":true,"href":"https:\/\/krankenhauspfarramt.de\/index.php\/wp-json\/wp\/v2\/comments?post=601"}],"version-history":[{"count":1,"href":"https:\/\/krankenhauspfarramt.de\/index.php\/wp-json\/wp\/v2\/posts\/601\/revisions"}],"predecessor-version":[{"id":603,"href":"https:\/\/krankenhauspfarramt.de\/index.php\/wp-json\/wp\/v2\/posts\/601\/revisions\/603"}],"wp:featuredmedia":[{"embeddable":true,"href":"https:\/\/krankenhauspfarramt.de\/index.php\/wp-json\/wp\/v2\/media\/602"}],"wp:attachment":[{"href":"https:\/\/krankenhauspfarramt.de\/index.php\/wp-json\/wp\/v2\/media?parent=601"}],"wp:term":[{"taxonomy":"category","embeddable":true,"href":"https:\/\/krankenhauspfarramt.de\/index.php\/wp-json\/wp\/v2\/categories?post=601"},{"taxonomy":"post_tag","embeddable":true,"href":"https:\/\/krankenhauspfarramt.de\/index.php\/wp-json\/wp\/v2\/tags?post=601"}],"curies":[{"name":"wp","href":"https:\/\/api.w.org\/{rel}","templated":true}]}}