{"id":6016,"date":"2023-09-06T20:09:12","date_gmt":"2023-09-06T20:09:12","guid":{"rendered":"https:\/\/krankenhauspfarramt.de\/index.php\/2023\/09\/06\/das-ist-ein-europaeisches-jubilaeum-ekd\/"},"modified":"2023-09-06T20:09:14","modified_gmt":"2023-09-06T20:09:14","slug":"das-ist-ein-europaeisches-jubilaeum-ekd","status":"publish","type":"post","link":"https:\/\/krankenhauspfarramt.de\/index.php\/2023\/09\/06\/das-ist-ein-europaeisches-jubilaeum-ekd\/","title":{"rendered":"Das ist ein europ\u00e4isches Jubil\u00e4um.\u201c \u2013 EKD"},"content":{"rendered":"<p> <br \/>\n<\/p>\n<div id=\"\">\n<div class=\"article--meta article--meta__border clearfix\">\n<p>                                    <time datetime=\"06.09.2023 20:00\" class=\"article--time\">06.09.2023<\/time><\/p>\n<p>                                     <strong class=\"article--type primus--overline\">Pressemitteilung<\/strong><\/p>\n<picture class=\"article--source-image image\"><source srcset=\"https:\/\/www.ekd.de\/ekd_de\/ds_img\/assets\/20170622_ekd-Quellenlogo_141_rdax_423x118.png\"><!--<source srcset=\"\/ekd_de\/ds_img\/assets\/20170622_ekd-Quellenlogo_141_rdax_141x39.png 1x, \/ekd_de\/ds_img\/assets\/20170622_ekd-Quellenlogo_141_rdax_282x78.png 2x, https:\/\/www.ekd.de\/ekd_de\/ds_img\/assets\/20170622_ekd-Quellenlogo_141_rdax_423x118.png 3x\">--><\/p>\n<p>    <\/source><\/picture>\n<\/p><\/div>\n<h2 class=\"article--sub-headline primus--sub-headline\">EKD, UEK und VELKD feiern gemeinsamen Abendmahlsgottesdienst <\/h2>\n<\/p><\/div>\n<div id=\"\">\n<p class=\"EKDFlietext\">\u201eDie Kirche ist allein auf Jesus Christus gegr\u00fcndet, der sie durch die Zuwendung seines Heils in der Verk\u00fcndigung und in den Sakramenten sammelt und sendet.\u201c (Leuenberger Konkordie 2).<\/p>\n<p class=\"EKDFlietext\">Vor 50 Jahren wurde mit der Leuenberger Konkordie die Kirchengemeinschaft zwischen lutherischen, reformierten und unierten Kirchen erkl\u00e4rt. Dieses Jubil\u00e4um feiert die Evangelische Kirche in Deutschland (EKD) am heutigen Mittwoch, 6. September, gemeinsam mit der Union Evangelischer Kirchen (UEK) und der Vereinigten Evangelisch-Lutherischen Kirche (VELKD) im Rahmen der Kirchenkonferenz.<\/p>\n<p class=\"EKDFlietext\">Die Leuenberger Konkordie machte unter anderem das gemeinsame Feiern des Abendmahls m\u00f6glich. So begeht auch die EKD dieses Jubil\u00e4um mit einem Abendmahlsgottesdienst, um die Einheit der Kirche und die \u00dcberwindung der Trennungen zu feiern. Zudem wird John Bradbury, gesch\u00e4ftsf\u00fchrender Pr\u00e4sident der Gemeinschaft Evangelischer Kirchen in Europa (GEKE), in einem Vortrag den Blick auf die zuk\u00fcnftige Bedeutung der Leuenberger Konkordie f\u00fcr die Kirchen in Europa richten.<\/p>\n<p class=\"EKDFlietext\">Die EKD-Ratsvorsitzende Annette Kurschus sagte in ihrer Predigt, dass die Leuenberger Konkordie zwar vielen Menschen kein Begriff sei, aber: \u201e50 Jahre Leuenberger Konkordie: Das ist ein europ\u00e4isches Jubil\u00e4um. Wir feiern das Gr\u00fcndungsdokument der Gemeinschaft Evangelischer Kirchen in Europa. Diese Gemeinschaft ist Teil des Wunders, das die Einigung Europas ist.\u201c Zudem betonte Kurschus, wie fragil und kostbar die Gemeinschaft der Kirchen in Europa sei und mahnte: \u201eEin Gradmesser f\u00fcr diese Einheit ist, wie Europa mit denen umgeht, die aus eigenen Kr\u00e4ften kaum in der Lage sind, ihre Menschenrechte durchzusetzen. Wir europ\u00e4ischen Kirchen m\u00fcssen unersch\u00fctterlich f\u00fcr die elementaren Schutzrechte gefl\u00fcchteter und verfolgter Menschen eintreten. Lasst uns darin einig und eins sein \u2013 bei allem, was unter uns vielgestaltig und verschieden bleiben soll und darf. Auf dass wir in Europa eine Kraft der Einheit sind und nicht der Zerstreuung, eine Kraft der Liebe und nicht des Hasses, eine Kraft der Vers\u00f6hnung und nicht der Zersetzung.\u201c<\/p>\n<p class=\"EKDFlietext\">Am Abendmahlsgottesdienst waren zudem Vertreterinnen und Vertreter der \u201aLeuenberger Kirchen\u2018 in Deutschland beteiligt. Die stellvertretende Vorsitzende der UEK, Dorothee W\u00fcst, und der Leitende Bischof der VELKD, Ralf Meister, sowie Benigna Carsten, Mitglied der Kirchendirektion der Evangelischen Br\u00fcder-Unit\u00e4t Herrnhut, gestalteten die Liturgie.<\/p>\n<p class=\"EKDFlietext\">Die Leuenberger Konkordie wurde 1973 auf dem Leuenberg bei Basel erarbeitet. Mit der Leuenberger Konkordie erkl\u00e4rten die unterzeichnenden lutherischen, unierten, reformierten Kirchen sowie die ihnen verwandten vorreformatorischen Kirchen der Waldenser und der B\u00f6hmischen Br\u00fcder die Kirchengemeinschaft: Die gegenseitige Anerkennung der Sakramente, der \u00c4mter und der rechtm\u00e4\u00dfigen evangelischen Verk\u00fcndigung. Damit wurden die Spaltungen zwischen den reformatorischen Konfessionen \u00fcberwunden. 1997 traten sieben Methodistische Kirchen auf der Grundlage einer \u201eGemeinsamen Erkl\u00e4rung zur Kirchengemeinschaft\u201c bei.<\/p>\n<p class=\"EKDFlietext\">Heute geh\u00f6ren der Leuenberger Kirchengemeinschaft, die seit 2003 \u201eGemeinschaft Evangelischer Kirchen in Europa\u201c (GEKE) hei\u00dft, 95 Mitgliedkirchen in ganz Europa an.<\/p>\n<p class=\"EKDFlietext\">Weitere Informationen auf: https:\/\/www.ekd.de\/Leuenberger-Konkordie-11302.htm<\/p>\n<p class=\"EKDFlietext\">Hannover, 6. September 2023<\/p>\n<p class=\"EKDFlietext\">Pressestelle der EKD<br \/>Annika Lukas<\/p>\n<\/div>\n","protected":false},"excerpt":{"rendered":"<p>06.09.2023 Pressemitteilung EKD, UEK und VELKD feiern gemeinsamen Abendmahlsgottesdienst \u201eDie Kirche ist allein auf Jesus Christus gegr\u00fcndet, der sie durch<\/p>\n","protected":false},"author":2,"featured_media":569,"comment_status":"closed","ping_status":"closed","sticky":false,"template":"","format":"standard","meta":{"footnotes":""},"categories":[20],"tags":[],"_links":{"self":[{"href":"https:\/\/krankenhauspfarramt.de\/index.php\/wp-json\/wp\/v2\/posts\/6016"}],"collection":[{"href":"https:\/\/krankenhauspfarramt.de\/index.php\/wp-json\/wp\/v2\/posts"}],"about":[{"href":"https:\/\/krankenhauspfarramt.de\/index.php\/wp-json\/wp\/v2\/types\/post"}],"author":[{"embeddable":true,"href":"https:\/\/krankenhauspfarramt.de\/index.php\/wp-json\/wp\/v2\/users\/2"}],"replies":[{"embeddable":true,"href":"https:\/\/krankenhauspfarramt.de\/index.php\/wp-json\/wp\/v2\/comments?post=6016"}],"version-history":[{"count":1,"href":"https:\/\/krankenhauspfarramt.de\/index.php\/wp-json\/wp\/v2\/posts\/6016\/revisions"}],"predecessor-version":[{"id":6017,"href":"https:\/\/krankenhauspfarramt.de\/index.php\/wp-json\/wp\/v2\/posts\/6016\/revisions\/6017"}],"wp:featuredmedia":[{"embeddable":true,"href":"https:\/\/krankenhauspfarramt.de\/index.php\/wp-json\/wp\/v2\/media\/569"}],"wp:attachment":[{"href":"https:\/\/krankenhauspfarramt.de\/index.php\/wp-json\/wp\/v2\/media?parent=6016"}],"wp:term":[{"taxonomy":"category","embeddable":true,"href":"https:\/\/krankenhauspfarramt.de\/index.php\/wp-json\/wp\/v2\/categories?post=6016"},{"taxonomy":"post_tag","embeddable":true,"href":"https:\/\/krankenhauspfarramt.de\/index.php\/wp-json\/wp\/v2\/tags?post=6016"}],"curies":[{"name":"wp","href":"https:\/\/api.w.org\/{rel}","templated":true}]}}