{"id":6018,"date":"2023-09-07T12:08:20","date_gmt":"2023-09-07T12:08:20","guid":{"rendered":"https:\/\/krankenhauspfarramt.de\/index.php\/2023\/09\/07\/in-zeiten-multipler-krisen-nicht-resignieren-ekd\/"},"modified":"2023-09-07T12:08:22","modified_gmt":"2023-09-07T12:08:22","slug":"in-zeiten-multipler-krisen-nicht-resignieren-ekd","status":"publish","type":"post","link":"https:\/\/krankenhauspfarramt.de\/index.php\/2023\/09\/07\/in-zeiten-multipler-krisen-nicht-resignieren-ekd\/","title":{"rendered":"In Zeiten multipler Krisen nicht resignieren \u2013 EKD"},"content":{"rendered":"<p> <br \/>\n<\/p>\n<div id=\"\">\n<p>Rom\/Berlin (epd). Vor dem Friedenstreffen der katholischen Laiengemeinschaft Sant\u2019Egidio in Berlin ruft deren Generalsekret\u00e4r Cesare Zucconi dazu auf, vor den vielen derzeitigen Krisen nicht zu resignieren. \u201eWir leben in einer Zeit, die so stark vom Krieg gepr\u00e4gt ist, dass die Versuchung dazu gro\u00df ist\u201c, sagte Zucconi im Gespr\u00e4ch mit dem Evangelischen Pressedienst (epd). Viele s\u00e4hen den Krieg als etwas, das uns immer begleiten werde.<\/p>\n<p>\u201eWir leben im Nebel des Krieges, wir sehen den Frieden nicht mehr als ein m\u00f6gliches Szenario f\u00fcr unsere Zukunft\u201c, sagte Zucconi. Gerade deshalb sei das Friedenstreffen, auf dem Vertreter unterschiedlicher Religionen und Kulturen aus aller Welt zusammenkommen, um nach Wegen zum Frieden zu suchen, wichtiger denn je. \u201eEs geht nicht darum, \u00fcber den interreligi\u00f6sen Dialog zu sprechen\u201c, konkretisierte Zucconi die Intention des Friedenstreffens, sondern darum, gemeinsam nach Antworten zu suchen.<\/p>\n<p>Zum <strong>37. Mal findet das von Sant\u2019Egidio organisierte internationale Friedenstreffen<\/strong> statt, in diesem Jahr vom <strong>10. bis zum 12. September in Berlin.<\/strong> \u201eBerlin ist auch die Stadt, in der eine Mauer gefallen ist\u201c, sagte Zucconi dem epd, \u201eund das auf friedliche Weise, ohne Blutvergie\u00dfen.\u201c Das Treffen in Berlin bedeute also auch, dass man deutlich sage: Wir m\u00fcssen mehr wagen.<\/p>\n<\/div>\n<div id=\"\">\n<p>    \t    <!-- SRC:  --><\/p>\n<aside class=\"article--aside quintus teaser teaser__related rs_skip rs_preserve\">\n<div class=\"teaser--article teaser--content\">\n<figure class=\"teaser--image\">\n                                    <picture><source media=\"(max-width:935px)\" srcset=\"https:\/\/www.ekd.de\/ekd_de\/ds_img\/assets_1875_x\/20190101_Jahreslosung_EKD_1875_rdax_625x352_60.jpg 1x, https:\/\/www.ekd.de\/ekd_de\/ds_img\/assets_1875_x\/20190101_Jahreslosung_EKD_1875_rdax_1250x704_60.jpg 2x, https:\/\/www.ekd.de\/ekd_de\/ds_img\/assets_1875_x\/20190101_Jahreslosung_EKD_1875_rdax_60.jpg 3x\"><source media=\"(min-width:934px)\" srcset=\"https:\/\/www.ekd.de\/ekd_de\/ds_img\/assets_1875_x\/20190101_Jahreslosung_EKD_1875_rdax_360x203_70.jpg 1x, https:\/\/www.ekd.de\/ekd_de\/ds_img\/assets_1875_x\/20190101_Jahreslosung_EKD_1875_rdax_720x406_70.jpg 2x, https:\/\/www.ekd.de\/ekd_de\/ds_img\/assets_1875_x\/20190101_Jahreslosung_EKD_1875_rdax_1080x608_70.jpg 3x\"><\/source><\/source><\/picture><figcaption\/>\n                                <\/figure>\n<p class=\"quintus--text teaser--text\">Auf dieser Seite finden Sie Impulse zur (kirchlichen) Friedensarbeit, Gedanken zu Bibeltexten, kurze Videos von Menschen, die sich f\u00fcr den Frieden engagieren, Links zu Projekten und Organisationen der Friedensarbeit und Vieles mehr.<\/p>\n<\/p><\/div>\n<\/aside>\n<div class=\"article--content\">\n<p>Das Treffen steht unter der \u00dcberschrift <strong>\u201eDen Frieden wagen. Religionen und Kulturen im Dialog.\u201c <\/strong>Es soll dem Dialog zwischen hochrangigen Vertretern aus Politik und Religion sowie zwischen Gl\u00e4ubigen und Nichtgl\u00e4ubigen dienen. Nach Aachen (2003), M\u00fcnchen (2011) und M\u00fcnster-Osnabr\u00fcck (2017) wird das Friedenstreffen zum vierten Mal in Deutschland stattfinden.<\/p>\n<p>Auf dem diesj\u00e4hrigen Treffen wird es auch eine <strong>Diskussionsrunde \u00fcber die Klima- und Umweltkrise<\/strong> geben. \u201eWir werden das sehr konkret thematisieren\u201c, sagte Zucconi. Damit wolle man auch in der religi\u00f6sen Welt mehr in Bewegung setzen und ein Bewusstsein f\u00fcr die Herausforderungen schaffen. Die Ank\u00fcndigung von Papst Franziskus, Anfang Oktober eine zweite Version von \u201eLaudato si&#8217;\u201c zu ver\u00f6ffentlichen, begr\u00fc\u00dfte Zucconi sehr.<\/p>\n<p>Die Bewegung Sant\u2019Egidio entstand 1968 in Rom auf Initiative des Historikers Andrea Riccardi. Sie ist nach eigenen Angaben in mehr als 70 L\u00e4ndern vor allem in der Friedensarbeit und in Sozialprojekten aktiv und veranstaltet j\u00e4hrliche Weltfriedenstreffen. Die Gemeinschaft hat ihren Sitz in Rom. Der 60-j\u00e4hrige r\u00f6mische Politologe Cesare Zucconi ist seit 2008 Generalsekret\u00e4r von Sant\u2019Egidio.<\/p>\n<p class=\"md-authorline\" style=\"margin-left:0cm; margin-right:0cm; text-align:right\"><em>epd-Gespr\u00e4ch: Almut Siefert<\/em><\/p>\n<\/p><\/div>\n<\/div>\n","protected":false},"excerpt":{"rendered":"<p>Rom\/Berlin (epd). Vor dem Friedenstreffen der katholischen Laiengemeinschaft Sant\u2019Egidio in Berlin ruft deren Generalsekret\u00e4r Cesare Zucconi dazu auf, vor den<\/p>\n","protected":false},"author":2,"featured_media":6019,"comment_status":"closed","ping_status":"closed","sticky":false,"template":"","format":"standard","meta":{"footnotes":""},"categories":[20],"tags":[],"_links":{"self":[{"href":"https:\/\/krankenhauspfarramt.de\/index.php\/wp-json\/wp\/v2\/posts\/6018"}],"collection":[{"href":"https:\/\/krankenhauspfarramt.de\/index.php\/wp-json\/wp\/v2\/posts"}],"about":[{"href":"https:\/\/krankenhauspfarramt.de\/index.php\/wp-json\/wp\/v2\/types\/post"}],"author":[{"embeddable":true,"href":"https:\/\/krankenhauspfarramt.de\/index.php\/wp-json\/wp\/v2\/users\/2"}],"replies":[{"embeddable":true,"href":"https:\/\/krankenhauspfarramt.de\/index.php\/wp-json\/wp\/v2\/comments?post=6018"}],"version-history":[{"count":1,"href":"https:\/\/krankenhauspfarramt.de\/index.php\/wp-json\/wp\/v2\/posts\/6018\/revisions"}],"predecessor-version":[{"id":6020,"href":"https:\/\/krankenhauspfarramt.de\/index.php\/wp-json\/wp\/v2\/posts\/6018\/revisions\/6020"}],"wp:featuredmedia":[{"embeddable":true,"href":"https:\/\/krankenhauspfarramt.de\/index.php\/wp-json\/wp\/v2\/media\/6019"}],"wp:attachment":[{"href":"https:\/\/krankenhauspfarramt.de\/index.php\/wp-json\/wp\/v2\/media?parent=6018"}],"wp:term":[{"taxonomy":"category","embeddable":true,"href":"https:\/\/krankenhauspfarramt.de\/index.php\/wp-json\/wp\/v2\/categories?post=6018"},{"taxonomy":"post_tag","embeddable":true,"href":"https:\/\/krankenhauspfarramt.de\/index.php\/wp-json\/wp\/v2\/tags?post=6018"}],"curies":[{"name":"wp","href":"https:\/\/api.w.org\/{rel}","templated":true}]}}