{"id":6021,"date":"2023-09-07T16:18:08","date_gmt":"2023-09-07T16:18:08","guid":{"rendered":"https:\/\/krankenhauspfarramt.de\/index.php\/2023\/09\/07\/bundesweite-aktionen-zum-welttag-der-suizidpraevention-ekd\/"},"modified":"2023-09-07T16:18:12","modified_gmt":"2023-09-07T16:18:12","slug":"bundesweite-aktionen-zum-welttag-der-suizidpraevention-ekd","status":"publish","type":"post","link":"https:\/\/krankenhauspfarramt.de\/index.php\/2023\/09\/07\/bundesweite-aktionen-zum-welttag-der-suizidpraevention-ekd\/","title":{"rendered":"Bundesweite Aktionen zum Welttag der Suizidpr\u00e4vention \u2013 EKD"},"content":{"rendered":"<p> <br \/>\n<\/p>\n<div>\n<p>Das <strong>Motto des Aktionstages<\/strong>, zu dem auch in Deutschland viele Aktionen geplant sind, lautet <strong>\u201eAktiv werden und Hoffnung schaffen\u201c<\/strong>. Der DHPV sprach sich aus diesem Anlass erneut f\u00fcr fl\u00e4chendeckende sowie dauerhaft und ausreichend finanzierte Angebote f\u00fcr Menschen aus, die sich in suizidalen Krisen befinden.<\/p>\n<p>\u201eIn dem im Juni im Bundestag verabschiedeten Antrag auf ein Gesetz zur St\u00e4rkung der Suizidpr\u00e4vention sieht der DHPV eine gro\u00dfe Chance, suizidpr\u00e4ventive Konzepte auszubauen\u201c, sagte Hardinghaus. Es m\u00fcsse darum gehen, Betroffenen fr\u00fchzeitig fachliche Aufkl\u00e4rung, Beratung sowie Kriseninterventionen anzubieten. Aufsuchende Angebote sollten \u00e4lteren und k\u00f6rperlich eingeschr\u00e4nkten Menschen Zugang zu suizidpr\u00e4ventiven Angeboten erm\u00f6glichen und Kriseninterventionsdienste rund um die Uhr f\u00fcr die Betroffenen erreichbar sein.<\/p>\n<p>\u201eWir m\u00fcssen uns dringend mit der zunehmenden Einsamkeit vor allem \u00e4lterer Menschen auseinandersetzen und entsprechende Konzepte entwickeln, die eine sorgende Gemeinschaft zum Ziel haben\u201c, erg\u00e4nzte Gesch\u00e4ftsf\u00fchrer Benno Bolze: \u201eEs kann uns als Gesellschaft nicht egal sein, dass mit zunehmendem Alter die Zahl der Menschen, die sich das Leben nehmen, seit Jahren ansteigt.\u201c<\/p>\n<\/p><\/div>\n","protected":false},"excerpt":{"rendered":"<p>Das Motto des Aktionstages, zu dem auch in Deutschland viele Aktionen geplant sind, lautet \u201eAktiv werden und Hoffnung schaffen\u201c. Der<\/p>\n","protected":false},"author":2,"featured_media":6022,"comment_status":"closed","ping_status":"closed","sticky":false,"template":"","format":"standard","meta":{"footnotes":""},"categories":[20],"tags":[],"_links":{"self":[{"href":"https:\/\/krankenhauspfarramt.de\/index.php\/wp-json\/wp\/v2\/posts\/6021"}],"collection":[{"href":"https:\/\/krankenhauspfarramt.de\/index.php\/wp-json\/wp\/v2\/posts"}],"about":[{"href":"https:\/\/krankenhauspfarramt.de\/index.php\/wp-json\/wp\/v2\/types\/post"}],"author":[{"embeddable":true,"href":"https:\/\/krankenhauspfarramt.de\/index.php\/wp-json\/wp\/v2\/users\/2"}],"replies":[{"embeddable":true,"href":"https:\/\/krankenhauspfarramt.de\/index.php\/wp-json\/wp\/v2\/comments?post=6021"}],"version-history":[{"count":1,"href":"https:\/\/krankenhauspfarramt.de\/index.php\/wp-json\/wp\/v2\/posts\/6021\/revisions"}],"predecessor-version":[{"id":6023,"href":"https:\/\/krankenhauspfarramt.de\/index.php\/wp-json\/wp\/v2\/posts\/6021\/revisions\/6023"}],"wp:featuredmedia":[{"embeddable":true,"href":"https:\/\/krankenhauspfarramt.de\/index.php\/wp-json\/wp\/v2\/media\/6022"}],"wp:attachment":[{"href":"https:\/\/krankenhauspfarramt.de\/index.php\/wp-json\/wp\/v2\/media?parent=6021"}],"wp:term":[{"taxonomy":"category","embeddable":true,"href":"https:\/\/krankenhauspfarramt.de\/index.php\/wp-json\/wp\/v2\/categories?post=6021"},{"taxonomy":"post_tag","embeddable":true,"href":"https:\/\/krankenhauspfarramt.de\/index.php\/wp-json\/wp\/v2\/tags?post=6021"}],"curies":[{"name":"wp","href":"https:\/\/api.w.org\/{rel}","templated":true}]}}