{"id":6086,"date":"2023-09-20T17:21:29","date_gmt":"2023-09-20T17:21:29","guid":{"rendered":"https:\/\/krankenhauspfarramt.de\/index.php\/2023\/09\/20\/20-09-2023-eine-sprache-des-glaubens-suchen-die-frauen-anspricht\/"},"modified":"2023-09-20T17:21:29","modified_gmt":"2023-09-20T17:21:29","slug":"20-09-2023-eine-sprache-des-glaubens-suchen-die-frauen-anspricht","status":"publish","type":"post","link":"https:\/\/krankenhauspfarramt.de\/index.php\/2023\/09\/20\/20-09-2023-eine-sprache-des-glaubens-suchen-die-frauen-anspricht\/","title":{"rendered":"20.09.2023 \u201eEine Sprache des Glaubens suchen, die Frauen anspricht\u201c"},"content":{"rendered":"<p><img decoding=\"async\" src=\"https:\/\/www.elk-wue.de\/\" \/><\/p>\n<div id=\"c45161\">\n<header>\n<h2 class=\"b_is-headline\">Karin P\u00f6hler ist neue w\u00fcrttembergische Landesfrauenpfarrerin<\/h2>\n<h3>\u201eEine Sprache des Glaubens suchen, die Frauen anspricht\u201c<\/h3>\n<\/header>\n<p>Stuttgart. Karin P\u00f6hler (50) ist neue Landesfrauenpfarrerin der Evangelischen Landeskirche in W\u00fcrttemberg. Sie hat ihr Amt am 1. September angetreten und folgt nach einer l\u00e4ngeren Vakatur auf Cornelie Ayasse.<\/p>\n<p>\u00dcber ihre Ziele sagt Karin P\u00f6hler, sie wolle \u201edas Engagement und die Kompetenzen von Frauen in unserer Kirche sichtbar machen und st\u00e4rken. Ich will R\u00e4ume f\u00fcr Frauen \u00f6ffnen, in denen sie ihre eigene Spiritualit\u00e4t ausprobieren und finden k\u00f6nnen. Ich will mit ihnen unterwegs sein und gemeinsam nach einer Sprache und Ausdrucksform des Glaubens suchen, die Frauen anspricht und ihren Erfahrungen gerecht wird.\u201c<\/p>\n<p>Zudem wolle sie \u201egenau darauf schauen: Was ist unser Spezifikum, unser Alleinstellungsmerkmal, das es zu bewahren und profilieren gilt?\u201c<\/p>\n<p>Nach dem Studium der Theologie in T\u00fcbingen, Halle\/Saale und El Salvador sowie einer Elternzeitvertretung im Bereich der \u00d6kumenischen Dekade \u201eGewalt \u00fcberwinden\u201c im Stuttgarter Oberkirchenrat absolvierte Karin P\u00f6hler ihr Vikariat in Pfullingen, worauf eine T\u00e4tigkeit als Pfarrerin z.A. im landeskirchlichen Frauenb\u00fcro folgte (heute: B\u00fcro der Beauftragten f\u00fcr Chancengleichheit). Anschlie\u00dfend war sie bei der Ev. Akademie Bad Boll in der Vikarsausbilung (Diakonie und Gesellschaftsdiakonie) t\u00e4tig und hatte zuletzt eine Pfarrstelle in Kernen-Rommelshausen inne. P\u00f6hler arbeitet zudem als Predigtcoach.<\/p>\n<p>Karin P\u00f6hler ist verheiratet und hat drei T\u00f6chter. In ihrer Freizeit ist sie gerne mit Menschen unterwegs, mag exotisches Essen und versucht, nachhaltig und fair zu leben.<\/p>\n<p><strong>Die feierliche Amtseinf\u00fchrung von Karin P\u00f6hler durch Oberkirchenr\u00e4tin Carmen Rivuzumwami findet am 12. Oktober 2023 um 14:00 Uhr im Diakonissenmutterhaus in Stuttgart statt.<\/strong><\/p>\n<p><strong>\u00dcber die EFW<\/strong><\/p>\n<p>Die EFW \u2013 der die Sonderpfarrstelle der Landesfrauenpfarrerin zugeordnet ist \u2013 f\u00f6rdert als Werk der Landeskirche die Gemeinschaft evangelischer Frauen, ihre Zusammenarbeit und ihr Verantwortungsbewusstsein. Sie vertritt Anliegen ihrer Mitglieder und nimmt zu Gegenwartsfragen Stellung. Ihr geh\u00f6ren 24 Frauenverb\u00e4nde an.<\/p>\n<p>Die Landesfrauenpfarrerin verantwortet Ausrichtung und Gestaltung der inhaltlichen Arbeit und ist zust\u00e4ndig f\u00fcr theologische Bildungsarbeit, Beratung und Seelsorge. Sie ist stimmberechtigtes Mitglied des Pr\u00e4sidiums. Die Landesfrauenpfarrerin nimmt in Absprache mit der Vorsitzenden des Pr\u00e4sidiums sowie der Gesch\u00e4ftsf\u00fchrerin Au\u00dfenkontakte und Repr\u00e4sentationsaufgaben von EFW in Gesellschaft und Kirche, u.a. im Bereich der W\u00fcrttembergischen Landeskirche und der EKD wahr.<\/p>\n<p>Dan Peter<br \/>Sprecher der Landeskirche<\/p>\n<\/div>\n","protected":false},"excerpt":{"rendered":"<p>Karin P\u00f6hler ist neue w\u00fcrttembergische Landesfrauenpfarrerin \u201eEine Sprache des Glaubens suchen, die Frauen anspricht\u201c Stuttgart. Karin P\u00f6hler (50) ist neue<\/p>\n","protected":false},"author":1,"featured_media":0,"comment_status":"closed","ping_status":"closed","sticky":false,"template":"","format":"standard","meta":{"footnotes":""},"categories":[21],"tags":[],"_links":{"self":[{"href":"https:\/\/krankenhauspfarramt.de\/index.php\/wp-json\/wp\/v2\/posts\/6086"}],"collection":[{"href":"https:\/\/krankenhauspfarramt.de\/index.php\/wp-json\/wp\/v2\/posts"}],"about":[{"href":"https:\/\/krankenhauspfarramt.de\/index.php\/wp-json\/wp\/v2\/types\/post"}],"author":[{"embeddable":true,"href":"https:\/\/krankenhauspfarramt.de\/index.php\/wp-json\/wp\/v2\/users\/1"}],"replies":[{"embeddable":true,"href":"https:\/\/krankenhauspfarramt.de\/index.php\/wp-json\/wp\/v2\/comments?post=6086"}],"version-history":[{"count":0,"href":"https:\/\/krankenhauspfarramt.de\/index.php\/wp-json\/wp\/v2\/posts\/6086\/revisions"}],"wp:attachment":[{"href":"https:\/\/krankenhauspfarramt.de\/index.php\/wp-json\/wp\/v2\/media?parent=6086"}],"wp:term":[{"taxonomy":"category","embeddable":true,"href":"https:\/\/krankenhauspfarramt.de\/index.php\/wp-json\/wp\/v2\/categories?post=6086"},{"taxonomy":"post_tag","embeddable":true,"href":"https:\/\/krankenhauspfarramt.de\/index.php\/wp-json\/wp\/v2\/tags?post=6086"}],"curies":[{"name":"wp","href":"https:\/\/api.w.org\/{rel}","templated":true}]}}