{"id":6089,"date":"2023-09-20T22:33:50","date_gmt":"2023-09-20T22:33:50","guid":{"rendered":"https:\/\/krankenhauspfarramt.de\/index.php\/2023\/09\/20\/kirchen-in-deutschland-verurteilen-gewalt-in-berg-karabach-ekd\/"},"modified":"2023-09-20T22:33:53","modified_gmt":"2023-09-20T22:33:53","slug":"kirchen-in-deutschland-verurteilen-gewalt-in-berg-karabach-ekd","status":"publish","type":"post","link":"https:\/\/krankenhauspfarramt.de\/index.php\/2023\/09\/20\/kirchen-in-deutschland-verurteilen-gewalt-in-berg-karabach-ekd\/","title":{"rendered":"Kirchen in Deutschland verurteilen Gewalt in Berg-Karabach \u2013 EKD"},"content":{"rendered":"<p> <br \/>\n<\/p>\n<div>\n<p>Es gebe erschreckende Berichte dar\u00fcber, wie vom Hunger geschw\u00e4chte Kinder unter dem Artilleriebeschuss nicht mehr rechtzeitig die Schutzr\u00e4ume erreicht haben, hie\u00df es weiter. Der Anfang der Woche begonnene Angriff aserbaidschanischer Truppen auf die autonome Kaukasus-Region Berg-Karabach drohe zu einer Katastrophe zu f\u00fchren.<\/p>\n<p>\u201eEs darf nicht geschehen, dass schwere Menschenrechtsverletzungen abseits der Aufmerksamkeit der Welt\u00f6ffentlichkeit geschehen\u201c, sagte die EKD-Ratsvorsitzende und westf\u00e4lische Pr\u00e4ses Annette Kurschus: \u201eWir verurteilen die milit\u00e4rische Aggression ebenso wie den Einsatz von Hunger als Waffe.\u201c<\/p>\n<p>Der Bischofskonferenz-Vorsitzende, der Limburger Bischof Georg B\u00e4tzing, erkl\u00e4rte: \u201eWir rufen die Bundesregierung und die Welt\u00f6ffentlichkeit auf, genau hinzuschauen und Aserbaidschan an die Pflicht zu einem humanen Umgang mit der Bev\u00f6lkerung zu erinnern.\u201c Der Konflikt m\u00fcsse am Verhandlungstisch gel\u00f6st werden, statt Fakten durch Vertreibung der einheimischen Bev\u00f6lkerung zu schaffen&#8220;.<\/p>\n<p>Die am 20. September vereinbarte Waffenruhe komme einer Kapitulation von Berg-Karabach gleich, erkl\u00e4rten die Kirchenvertreter. Sie f\u00fcrchten eine bevorstehende \u201eethnische S\u00e4uberung\u201c des Gebiets durch die gewaltsame Vertreibung der etwa 120.000 ethnischen Armenier aus ihrer Heimat.<\/p>\n<p>Der ACK-Vorsitzende, Erzpriester Radu Constantin Miron, bef\u00fcrchtet: \u201eAufgrund der Machtverh\u00e4ltnisse und der unterschiedlichen Konfliktherde dieser Welt wird kein Land dort einschreiten und f\u00fcr den Schutz der Menschen in Berg-Karabach sorgen. Es darf keine weitere Eskalation der Gewalt geben!\u201c Die Region Berg-Karabach geh\u00f6rt v\u00f6lkerrechtlich zu Aserbaidschan, wird aber mehrheitlich von Armeniern bewohnt.<\/p>\n<\/p><\/div>\n","protected":false},"excerpt":{"rendered":"<p>Es gebe erschreckende Berichte dar\u00fcber, wie vom Hunger geschw\u00e4chte Kinder unter dem Artilleriebeschuss nicht mehr rechtzeitig die Schutzr\u00e4ume erreicht haben,<\/p>\n","protected":false},"author":2,"featured_media":6090,"comment_status":"closed","ping_status":"closed","sticky":false,"template":"","format":"standard","meta":{"footnotes":""},"categories":[20],"tags":[],"_links":{"self":[{"href":"https:\/\/krankenhauspfarramt.de\/index.php\/wp-json\/wp\/v2\/posts\/6089"}],"collection":[{"href":"https:\/\/krankenhauspfarramt.de\/index.php\/wp-json\/wp\/v2\/posts"}],"about":[{"href":"https:\/\/krankenhauspfarramt.de\/index.php\/wp-json\/wp\/v2\/types\/post"}],"author":[{"embeddable":true,"href":"https:\/\/krankenhauspfarramt.de\/index.php\/wp-json\/wp\/v2\/users\/2"}],"replies":[{"embeddable":true,"href":"https:\/\/krankenhauspfarramt.de\/index.php\/wp-json\/wp\/v2\/comments?post=6089"}],"version-history":[{"count":1,"href":"https:\/\/krankenhauspfarramt.de\/index.php\/wp-json\/wp\/v2\/posts\/6089\/revisions"}],"predecessor-version":[{"id":6091,"href":"https:\/\/krankenhauspfarramt.de\/index.php\/wp-json\/wp\/v2\/posts\/6089\/revisions\/6091"}],"wp:featuredmedia":[{"embeddable":true,"href":"https:\/\/krankenhauspfarramt.de\/index.php\/wp-json\/wp\/v2\/media\/6090"}],"wp:attachment":[{"href":"https:\/\/krankenhauspfarramt.de\/index.php\/wp-json\/wp\/v2\/media?parent=6089"}],"wp:term":[{"taxonomy":"category","embeddable":true,"href":"https:\/\/krankenhauspfarramt.de\/index.php\/wp-json\/wp\/v2\/categories?post=6089"},{"taxonomy":"post_tag","embeddable":true,"href":"https:\/\/krankenhauspfarramt.de\/index.php\/wp-json\/wp\/v2\/tags?post=6089"}],"curies":[{"name":"wp","href":"https:\/\/api.w.org\/{rel}","templated":true}]}}